{"id":3019,"date":"2014-12-26T19:29:34","date_gmt":"2014-12-26T18:29:34","guid":{"rendered":"http:\/\/www.ac-germania.com\/?p=3019"},"modified":"2014-12-26T19:29:34","modified_gmt":"2014-12-26T18:29:34","slug":"traditioneller-ringerfruehschoppen-wieder-sehr-gut-besucht","status":"publish","type":"post","link":"https:\/\/www.ac-germania.com\/?p=3019","title":{"rendered":"Traditioneller Ringerfr\u00fchschoppen wieder sehr gut besucht"},"content":{"rendered":"<p>Alle Jahre wieder versammelt sich am 2. Weihnachtsfeiertag die Arterner Ringkampfgemeinde und ihre Freunde gem\u00fctlich unterm Weihnachtsbaum in der Unstrutstra\u00dfe. Auch dieses Jahr konnte eine bunte Mischung aus Ringkampfveteranen, F\u00f6rderern, Trainern, Fans und aktiven Ringk\u00e4mpfern in der Ringerhalle durch Vereinspr\u00e4sident Gerd Pillep begr\u00fc\u00dft werden. Nat\u00fcrlich war das vergangene sehr erfolgreiche Wettkampfjahr das TOP-Thema, aber auch der zuk\u00fcnftige Weg des Vereins, wie auch gemeinsam Erlebtes aus vergangenen Tagen und aktuelle Themen rund um Famile, Politik, Gesellschaft und Sport machten an den Tischen zwichen Jung und Alt bis zum Mittag die Runde, ehe sich wieder alle der famili\u00e4ren Gem\u00fctlichkeit und den Leckereien der Weihnachtszeit hingaben.<\/p>\n<p><img loading=\"lazy\" decoding=\"async\" class=\"alignnone size-full wp-image-3020\" src=\"https:\/\/www.ac-germania.com\/A_ACG\/wordpress\/wp-content\/uploads\/2014\/12\/2014-12-26-001.jpg\" alt=\"2014-12-26-001\" width=\"800\" height=\"445\" srcset=\"https:\/\/www.ac-germania.com\/A_ACG\/wordpress\/wp-content\/uploads\/2014\/12\/2014-12-26-001.jpg 800w, https:\/\/www.ac-germania.com\/A_ACG\/wordpress\/wp-content\/uploads\/2014\/12\/2014-12-26-001-300x167.jpg 300w, https:\/\/www.ac-germania.com\/A_ACG\/wordpress\/wp-content\/uploads\/2014\/12\/2014-12-26-001-150x83.jpg 150w\" sizes=\"auto, (max-width: 800px) 100vw, 800px\" \/><\/p>\n<p><strong>Auf diesem Wege w\u00fcnscht der AC Germania Artern e.V. allen Ringkampffreunden und F\u00f6rderern einen feuchtfr\u00f6hlichen und knallbunten Rutsch in ein gesundes, gl\u00fcckliches und erfolgreiches Jahr 2015!<\/strong><\/p>\n","protected":false},"excerpt":{"rendered":"<p>Alle Jahre wieder versammelt sich am 2. Weihnachtsfeiertag die Arterner Ringkampfgemeinde und ihre Freunde gem\u00fctlich unterm Weihnachtsbaum in der Unstrutstra\u00dfe. Auch dieses Jahr konnte eine bunte Mischung aus Ringkampfveteranen, F\u00f6rderern, Trainern, Fans und aktiven Ringk\u00e4mpfern in der Ringerhalle durch Vereinspr\u00e4sident Gerd Pillep begr\u00fc\u00dft werden. Nat\u00fcrlich war das vergangene sehr erfolgreiche \u2026 <a class=\"continue-reading-link\" href=\"https:\/\/www.ac-germania.com\/?p=3019\">Weiterlesen <span class=\"meta-nav\">&rarr; <\/span><\/a><\/p>\n","protected":false},"author":1,"featured_media":3020,"comment_status":"open","ping_status":"open","sticky":false,"template":"","format":"standard","meta":{"footnotes":""},"categories":[7],"tags":[],"class_list":["post-3019","post","type-post","status-publish","format-standard","has-post-thumbnail","hentry","category-news-2014"],"_links":{"self":[{"href":"https:\/\/www.ac-germania.com\/index.php?rest_route=\/wp\/v2\/posts\/3019","targetHints":{"allow":["GET"]}}],"collection":[{"href":"https:\/\/www.ac-germania.com\/index.php?rest_route=\/wp\/v2\/posts"}],"about":[{"href":"https:\/\/www.ac-germania.com\/index.php?rest_route=\/wp\/v2\/types\/post"}],"author":[{"embeddable":true,"href":"https:\/\/www.ac-germania.com\/index.php?rest_route=\/wp\/v2\/users\/1"}],"replies":[{"embeddable":true,"href":"https:\/\/www.ac-germania.com\/index.php?rest_route=%2Fwp%2Fv2%2Fcomments&post=3019"}],"version-history":[{"count":0,"href":"https:\/\/www.ac-germania.com\/index.php?rest_route=\/wp\/v2\/posts\/3019\/revisions"}],"wp:featuredmedia":[{"embeddable":true,"href":"https:\/\/www.ac-germania.com\/index.php?rest_route=\/wp\/v2\/media\/3020"}],"wp:attachment":[{"href":"https:\/\/www.ac-germania.com\/index.php?rest_route=%2Fwp%2Fv2%2Fmedia&parent=3019"}],"wp:term":[{"taxonomy":"category","embeddable":true,"href":"https:\/\/www.ac-germania.com\/index.php?rest_route=%2Fwp%2Fv2%2Fcategories&post=3019"},{"taxonomy":"post_tag","embeddable":true,"href":"https:\/\/www.ac-germania.com\/index.php?rest_route=%2Fwp%2Fv2%2Ftags&post=3019"}],"curies":[{"name":"wp","href":"https:\/\/api.w.org\/{rel}","templated":true}]}}