{"id":2838,"date":"2014-11-06T07:27:42","date_gmt":"2014-11-06T06:27:42","guid":{"rendered":"http:\/\/www.ac-germania.com\/?p=2838"},"modified":"2014-11-06T07:27:42","modified_gmt":"2014-11-06T06:27:42","slug":"vorschau-germanen-kaempfen-um-gruppensieg","status":"publish","type":"post","link":"https:\/\/www.ac-germania.com\/?p=2838","title":{"rendered":"Vorschau: Germanen k\u00e4mpfen um Gruppensieg"},"content":{"rendered":"<div id=\"attachment_2839\" style=\"width: 810px\" class=\"wp-caption alignnone\"><img loading=\"lazy\" decoding=\"async\" aria-describedby=\"caption-attachment-2839\" class=\"wp-image-2839 size-full\" src=\"https:\/\/www.ac-germania.com\/A_ACG\/wordpress\/wp-content\/uploads\/2014\/11\/2014-11-06-001.jpg\" alt=\"2014-11-06-001\" width=\"800\" height=\"351\" srcset=\"https:\/\/www.ac-germania.com\/A_ACG\/wordpress\/wp-content\/uploads\/2014\/11\/2014-11-06-001.jpg 800w, https:\/\/www.ac-germania.com\/A_ACG\/wordpress\/wp-content\/uploads\/2014\/11\/2014-11-06-001-300x131.jpg 300w, https:\/\/www.ac-germania.com\/A_ACG\/wordpress\/wp-content\/uploads\/2014\/11\/2014-11-06-001-150x65.jpg 150w\" sizes=\"auto, (max-width: 800px) 100vw, 800px\" \/><p id=\"caption-attachment-2839\" class=\"wp-caption-text\">Pascal G\u00f6bel hatte in Leipzig keine Probleme mit Paul Sch\u00e4rmschmidt und siegte souver\u00e4n 11:2 nach Punkten.<\/p><\/div>\n<p>Wenn am kommenden Samstag der SAV Leipzig\/Gro\u00dflehna zu Gast im \u201eHexenkessel\u201c Unstruthalle ist, geht es f\u00fcr das Team von Trainer Michael Getschmann um den Gruppensieg in der Staffel B der Regionalliga Mitteldeutschland. Nach der knappen Niederlage vergangene Woche im Spitzenkampf gegen Potsdam verweilten die Germanen aufgrund eines Kampfes weniger auf dem zweiten Tabellenrang.<\/p>\n<p>Aufgrund des direkten Vergleiches mit Potsdam w\u00fcrde der ACG mit einem Sieg gegen den SAV Leipzig den Spitzenplatz zur\u00fcckerobern und als Tabellenf\u00fchrer in die Finalrunde einziehen. Die Vorzeichen dazu stehen sehr gut, in Leipzig setzte es eine heftige 34:4 Niederlage f\u00fcr den SAV, dabei stellte Getschmann sein Team in vielen Gewichtsklassen um und verzichtete g\u00e4nzlich auf die \u201eTschechische-Achse\u201c um Jan Ziska und Oldrich Varga.<\/p>\n<p><em>\u201eZum Heimkampf werden wir allerdings voll stehen, ich m\u00f6chte nichts riskieren und den Gruppensieg perfekt machen. Au\u00dferdem kann beim Ringen alles passieren, ich erinnere an den Kampf gegen Albrechts im Jahr 2007 als wir damals Zuhause gegen den Tabellenletzten m\u00e4chtig unter die R\u00e4der gekommen sind und damit den Podestplatz verpasst haben.\u201c<\/em> erkl\u00e4rt Getschmann.<\/p>\n<p>Die Germanen werden damit gut ger\u00fcstet in das Duell am Samstag gehen und nichts dem Zufall \u00fcberlassen. Die Finalrunde beginnt bereits eine Woche sp\u00e4ter, der Terminplan dazu sowie einige n\u00fctzliche Informationen erscheinen in K\u00fcrze.<\/p>\n<p><a title=\"ACG mit Kantersieg in Gro\u00dflehna\" href=\"https:\/\/www.ac-germania.com\/?p=2765\">&gt;&gt; Hier gehts zum Hinkampf<\/a><\/p>\n<p><a href=\"http:\/\/www.ringen-in-grosslehna.de\/\" target=\"_blank\">&gt;&gt; Hier gehts zur Webseite des SAV Leipzig\/Gro\u00dflehna<\/a><\/p>\n<p><strong>Kampfbeginn: 19:30 Uhr<\/strong><\/p>\n","protected":false},"excerpt":{"rendered":"<p>Wenn am kommenden Samstag der SAV Leipzig\/Gro\u00dflehna zu Gast im \u201eHexenkessel\u201c Unstruthalle ist, geht es f\u00fcr das Team von Trainer Michael Getschmann um den Gruppensieg in der Staffel B der Regionalliga Mitteldeutschland. Nach der knappen Niederlage vergangene Woche im Spitzenkampf gegen Potsdam verweilten die Germanen aufgrund eines Kampfes weniger auf \u2026 <a class=\"continue-reading-link\" href=\"https:\/\/www.ac-germania.com\/?p=2838\">Weiterlesen <span class=\"meta-nav\">&rarr; <\/span><\/a><\/p>\n","protected":false},"author":1,"featured_media":2839,"comment_status":"open","ping_status":"open","sticky":false,"template":"","format":"standard","meta":{"footnotes":""},"categories":[7],"tags":[],"class_list":["post-2838","post","type-post","status-publish","format-standard","has-post-thumbnail","hentry","category-news-2014"],"_links":{"self":[{"href":"https:\/\/www.ac-germania.com\/index.php?rest_route=\/wp\/v2\/posts\/2838","targetHints":{"allow":["GET"]}}],"collection":[{"href":"https:\/\/www.ac-germania.com\/index.php?rest_route=\/wp\/v2\/posts"}],"about":[{"href":"https:\/\/www.ac-germania.com\/index.php?rest_route=\/wp\/v2\/types\/post"}],"author":[{"embeddable":true,"href":"https:\/\/www.ac-germania.com\/index.php?rest_route=\/wp\/v2\/users\/1"}],"replies":[{"embeddable":true,"href":"https:\/\/www.ac-germania.com\/index.php?rest_route=%2Fwp%2Fv2%2Fcomments&post=2838"}],"version-history":[{"count":0,"href":"https:\/\/www.ac-germania.com\/index.php?rest_route=\/wp\/v2\/posts\/2838\/revisions"}],"wp:featuredmedia":[{"embeddable":true,"href":"https:\/\/www.ac-germania.com\/index.php?rest_route=\/wp\/v2\/media\/2839"}],"wp:attachment":[{"href":"https:\/\/www.ac-germania.com\/index.php?rest_route=%2Fwp%2Fv2%2Fmedia&parent=2838"}],"wp:term":[{"taxonomy":"category","embeddable":true,"href":"https:\/\/www.ac-germania.com\/index.php?rest_route=%2Fwp%2Fv2%2Fcategories&post=2838"},{"taxonomy":"post_tag","embeddable":true,"href":"https:\/\/www.ac-germania.com\/index.php?rest_route=%2Fwp%2Fv2%2Ftags&post=2838"}],"curies":[{"name":"wp","href":"https:\/\/api.w.org\/{rel}","templated":true}]}}