{"id":2834,"date":"2014-11-04T16:16:18","date_gmt":"2014-11-04T15:16:18","guid":{"rendered":"http:\/\/www.ac-germania.com\/?p=2834"},"modified":"2014-11-04T16:16:18","modified_gmt":"2014-11-04T15:16:18","slug":"acg-nachwuchs-erfolgreich-beim-maco-cup-in-magdeburg","status":"publish","type":"post","link":"https:\/\/www.ac-germania.com\/?p=2834","title":{"rendered":"ACG-Nachwuchs erfolgreich beim Maco-Cup in Magdeburg"},"content":{"rendered":"<p>Anders als sonst \u00fcblich traten die Youngsters des AC Germania Artern beim 17. Maco-Cup in Magdeburg dieses Mal am Sonntag auf das Mattenquadrat. Mit 115 Sportlern aus 14 Vereinen war das Turnier in Magdeburg wie immer stark besetzt.<\/p>\n<p>Am Ende eines langen Wettkampftages stand ein erster Platz f\u00fcr Georg Schulz zu Buche, den zweiten Platz belegten Marco Kr\u00fcger und Max Neubert. Auf dem dritten Platz fanden sich Paul Schulz und Jan-Eric Reinhardt wieder, Eric Laurenat erk\u00e4mpfte sich einen guten 4. Platz, Pascal Filla wurde f\u00fcnfter. Als einer der j\u00fcngsten Sportler an diesem Tag konnte Marvin Schiecke einen 7. Platz erringen.<\/p>\n<p>Mit diesen sehr guten Ergebnissen belegte die Germanenauswahl den 6. Platz in der Mannschaftswertung und kann nun weiterhin im Training den Grundstein f\u00fcr die Einzelmeisterschaften im Januar legen.<\/p>\n<div id=\"attachment_2835\" style=\"width: 810px\" class=\"wp-caption alignnone\"><img loading=\"lazy\" decoding=\"async\" aria-describedby=\"caption-attachment-2835\" class=\"wp-image-2835 size-full\" src=\"https:\/\/www.ac-germania.com\/A_ACG\/wordpress\/wp-content\/uploads\/2014\/11\/2014-11-04-001.jpg\" alt=\"2014-11-04-001\" width=\"800\" height=\"733\" srcset=\"https:\/\/www.ac-germania.com\/A_ACG\/wordpress\/wp-content\/uploads\/2014\/11\/2014-11-04-001.jpg 800w, https:\/\/www.ac-germania.com\/A_ACG\/wordpress\/wp-content\/uploads\/2014\/11\/2014-11-04-001-300x274.jpg 300w, https:\/\/www.ac-germania.com\/A_ACG\/wordpress\/wp-content\/uploads\/2014\/11\/2014-11-04-001-150x137.jpg 150w\" sizes=\"auto, (max-width: 800px) 100vw, 800px\" \/><p id=\"caption-attachment-2835\" class=\"wp-caption-text\">Das ACG-Nachwuchsteam mit Trainer Marcel M\u00fcnchhoff nach dem Turnier in Magdeburg.<\/p><\/div>\n","protected":false},"excerpt":{"rendered":"<p>Anders als sonst \u00fcblich traten die Youngsters des AC Germania Artern beim 17. Maco-Cup in Magdeburg dieses Mal am Sonntag auf das Mattenquadrat. Mit 115 Sportlern aus 14 Vereinen war das Turnier in Magdeburg wie immer stark besetzt. Am Ende eines langen Wettkampftages stand ein erster Platz f\u00fcr Georg Schulz \u2026 <a class=\"continue-reading-link\" href=\"https:\/\/www.ac-germania.com\/?p=2834\">Weiterlesen <span class=\"meta-nav\">&rarr; <\/span><\/a><\/p>\n","protected":false},"author":1,"featured_media":2835,"comment_status":"open","ping_status":"open","sticky":false,"template":"","format":"standard","meta":{"footnotes":""},"categories":[7],"tags":[],"class_list":["post-2834","post","type-post","status-publish","format-standard","has-post-thumbnail","hentry","category-news-2014"],"_links":{"self":[{"href":"https:\/\/www.ac-germania.com\/index.php?rest_route=\/wp\/v2\/posts\/2834","targetHints":{"allow":["GET"]}}],"collection":[{"href":"https:\/\/www.ac-germania.com\/index.php?rest_route=\/wp\/v2\/posts"}],"about":[{"href":"https:\/\/www.ac-germania.com\/index.php?rest_route=\/wp\/v2\/types\/post"}],"author":[{"embeddable":true,"href":"https:\/\/www.ac-germania.com\/index.php?rest_route=\/wp\/v2\/users\/1"}],"replies":[{"embeddable":true,"href":"https:\/\/www.ac-germania.com\/index.php?rest_route=%2Fwp%2Fv2%2Fcomments&post=2834"}],"version-history":[{"count":0,"href":"https:\/\/www.ac-germania.com\/index.php?rest_route=\/wp\/v2\/posts\/2834\/revisions"}],"wp:featuredmedia":[{"embeddable":true,"href":"https:\/\/www.ac-germania.com\/index.php?rest_route=\/wp\/v2\/media\/2835"}],"wp:attachment":[{"href":"https:\/\/www.ac-germania.com\/index.php?rest_route=%2Fwp%2Fv2%2Fmedia&parent=2834"}],"wp:term":[{"taxonomy":"category","embeddable":true,"href":"https:\/\/www.ac-germania.com\/index.php?rest_route=%2Fwp%2Fv2%2Fcategories&post=2834"},{"taxonomy":"post_tag","embeddable":true,"href":"https:\/\/www.ac-germania.com\/index.php?rest_route=%2Fwp%2Fv2%2Ftags&post=2834"}],"curies":[{"name":"wp","href":"https:\/\/api.w.org\/{rel}","templated":true}]}}