{"id":2821,"date":"2014-10-30T10:03:51","date_gmt":"2014-10-30T09:03:51","guid":{"rendered":"http:\/\/www.ac-germania.com\/?p=2821"},"modified":"2014-10-30T10:03:51","modified_gmt":"2014-10-30T09:03:51","slug":"vorschau-germanen-reisen-zum-spitzenkampf-nach-potsdam","status":"publish","type":"post","link":"https:\/\/www.ac-germania.com\/?p=2821","title":{"rendered":"Vorschau: Germanen reisen zum Spitzenkampf nach Potsdam"},"content":{"rendered":"<p>Kommenden Samstag k\u00f6nnte in der Regionalliga Mitteldeutschland die Vorentscheidung um den sp\u00e4teren Meister und damit Aufsteiger in die 2. Bundesliga fallen. Im Spitzenduell trifft der AC Germania Artern als ungeschlagener Tabellenf\u00fchrer auf den unmittelbaren Verfolger RC Germania Potsdam.<\/p>\n<div id=\"attachment_2822\" style=\"width: 810px\" class=\"wp-caption alignnone\"><img loading=\"lazy\" decoding=\"async\" aria-describedby=\"caption-attachment-2822\" class=\"wp-image-2822 size-full\" src=\"https:\/\/www.ac-germania.com\/A_ACG\/wordpress\/wp-content\/uploads\/2014\/10\/2014-10-30-001.jpg\" alt=\"2014-10-30-001\" width=\"800\" height=\"335\" srcset=\"https:\/\/www.ac-germania.com\/A_ACG\/wordpress\/wp-content\/uploads\/2014\/10\/2014-10-30-001.jpg 800w, https:\/\/www.ac-germania.com\/A_ACG\/wordpress\/wp-content\/uploads\/2014\/10\/2014-10-30-001-300x125.jpg 300w, https:\/\/www.ac-germania.com\/A_ACG\/wordpress\/wp-content\/uploads\/2014\/10\/2014-10-30-001-150x62.jpg 150w\" sizes=\"auto, (max-width: 800px) 100vw, 800px\" \/><p id=\"caption-attachment-2822\" class=\"wp-caption-text\">Im Limit bis 86kg\/FR ging es hin und er, am Ende musste sich Maximilian Heft dem Potsdamer Adrian Hoffmann knapp geschlagen geben.<\/p><\/div>\n<p>Den Kampf in der Hinrunde konnten die Germanen im heimischen Hexenkessel recht deutlich mit 15:11 Punkten gewinnen und damit die Tabellenf\u00fchrung erobern. In diesem Duell gingen sechs Einzelsiege auf das Germanenkonto. Dem Potsdamer Trainerduo Schmiege\/Leffler stand an diesem Abend allerdings nicht ihre st\u00e4rkste Aufstellung zur Verf\u00fcgung, was im R\u00fcckkampf ganz sicher der Fall sein wird.<\/p>\n<p><em>\u201eMeine Mannschaft ist hei\u00df auf das Duell und wenn sich im Abschlusstraining niemand verletzt werden wir in absoluter Bestbesetzung in Potsdam antreten. Mit der Unterst\u00fctzung unserer Fans welche im Reisebus mit nach Potsdam reisen gehe ich davon aus, dass wir auch dieses Mal gewinnen k\u00f6nnen.\u201c<\/em> gab sich ACG-Coach Michael Getschmann entschlossen.<\/p>\n<p>Dagegen w\u00fcrde eine Niederlage mit drei Punkten reichen um als Tabellenf\u00fchrer in die Finalrunde einziehen zu k\u00f6nnen und einen gro\u00dfen Schritt in Richtung Staffelsieg zu machen. Darauf will sich aber keiner aus dem Germanenlager st\u00fctzen, mit den eigenen Fans im R\u00fccken reisen die Athleten des ACG mit breiter Brust nach Potsdam.<\/p>\n<p><a title=\"ACG siegt im Kampfkrimi gegen Potsdam und \u00fcbernimmt die Tabellenf\u00fchrung\" href=\"https:\/\/www.ac-germania.com\/?p=2742\">&gt;&gt; Hier gehts zum Hinkampf<\/a><\/p>\n<p><a href=\"http:\/\/www.rcgermania-potsdam.de\/index.php?article_id=22\" target=\"_blank\">&gt;&gt; Hier gehts zur Webseite des RC Germania Potsdam<\/a><\/p>\n<p><span style=\"color: #ff0000;\"><strong>Der Fanbus f\u00e4hrt am Samstag 12:00 Uhr am Marktplatz in Artern ab.<\/strong><\/span><\/p>\n<p><strong>Adresse der Wettkampfhalle:<\/strong><\/p>\n<p><strong>Turnhalle der Weidengrundschule<\/strong><br \/>\n<strong>Schilfhof 29<br \/>\n14478 Potsdam\/Schlaatz<\/strong><\/p>\n<p><strong>Kampfbeginn: 19:30 Uhr<\/strong><\/p>\n<p><iframe loading=\"lazy\" style=\"border: 0;\" src=\"https:\/\/www.google.com\/maps\/embed?pb=!1m29!1m12!1m3!1d630411.8968904525!2d11.624335601254582!3d51.88749070005383!2m3!1f0!2f0!3f0!3m2!1i1024!2i768!4f13.1!4m14!1i0!3e6!4m5!1s0x47a4368d4a7715d7%3A0x4208ec174355890!2sArtern%2FUnstrut!3m2!1d51.3673649!2d11.295485399999999!4m5!1s0x47a85f614552a811%3A0xb4db39b22dc4adbe!2sSchilfhof+29%2C+14478+Potsdam!3m2!1d52.37804!2d13.09727!5e0!3m2!1sde!2sde!4v1414618345681\" width=\"800\" height=\"600\" frameborder=\"0\"><\/iframe><\/p>\n","protected":false},"excerpt":{"rendered":"<p>Kommenden Samstag k\u00f6nnte in der Regionalliga Mitteldeutschland die Vorentscheidung um den sp\u00e4teren Meister und damit Aufsteiger in die 2. Bundesliga fallen. Im Spitzenduell trifft der AC Germania Artern als ungeschlagener Tabellenf\u00fchrer auf den unmittelbaren Verfolger RC Germania Potsdam. Den Kampf in der Hinrunde konnten die Germanen im heimischen Hexenkessel recht \u2026 <a class=\"continue-reading-link\" href=\"https:\/\/www.ac-germania.com\/?p=2821\">Weiterlesen <span class=\"meta-nav\">&rarr; <\/span><\/a><\/p>\n","protected":false},"author":1,"featured_media":2822,"comment_status":"open","ping_status":"open","sticky":false,"template":"","format":"standard","meta":{"footnotes":""},"categories":[7],"tags":[],"class_list":["post-2821","post","type-post","status-publish","format-standard","has-post-thumbnail","hentry","category-news-2014"],"_links":{"self":[{"href":"https:\/\/www.ac-germania.com\/index.php?rest_route=\/wp\/v2\/posts\/2821","targetHints":{"allow":["GET"]}}],"collection":[{"href":"https:\/\/www.ac-germania.com\/index.php?rest_route=\/wp\/v2\/posts"}],"about":[{"href":"https:\/\/www.ac-germania.com\/index.php?rest_route=\/wp\/v2\/types\/post"}],"author":[{"embeddable":true,"href":"https:\/\/www.ac-germania.com\/index.php?rest_route=\/wp\/v2\/users\/1"}],"replies":[{"embeddable":true,"href":"https:\/\/www.ac-germania.com\/index.php?rest_route=%2Fwp%2Fv2%2Fcomments&post=2821"}],"version-history":[{"count":0,"href":"https:\/\/www.ac-germania.com\/index.php?rest_route=\/wp\/v2\/posts\/2821\/revisions"}],"wp:featuredmedia":[{"embeddable":true,"href":"https:\/\/www.ac-germania.com\/index.php?rest_route=\/wp\/v2\/media\/2822"}],"wp:attachment":[{"href":"https:\/\/www.ac-germania.com\/index.php?rest_route=%2Fwp%2Fv2%2Fmedia&parent=2821"}],"wp:term":[{"taxonomy":"category","embeddable":true,"href":"https:\/\/www.ac-germania.com\/index.php?rest_route=%2Fwp%2Fv2%2Fcategories&post=2821"},{"taxonomy":"post_tag","embeddable":true,"href":"https:\/\/www.ac-germania.com\/index.php?rest_route=%2Fwp%2Fv2%2Ftags&post=2821"}],"curies":[{"name":"wp","href":"https:\/\/api.w.org\/{rel}","templated":true}]}}