{"id":2793,"date":"2014-10-19T19:00:59","date_gmt":"2014-10-19T18:00:59","guid":{"rendered":"http:\/\/www.ac-germania.com\/?p=2793"},"modified":"2014-10-19T19:00:59","modified_gmt":"2014-10-19T18:00:59","slug":"acg-ohne-probleme-gegen-schlusslicht-frankfurtoder","status":"publish","type":"post","link":"https:\/\/www.ac-germania.com\/?p=2793","title":{"rendered":"ACG ohne Probleme gegen Schlusslicht Frankfurt\/Oder"},"content":{"rendered":"<p><strong>ACG vs RSV Hansa 90 Frankfurt\/Oder 26:6<\/strong><\/p>\n<h5>Bericht &amp; Bild: <a href=\"http:\/\/artern.thueringer-allgemeine.de\/\" target=\"_blank\">Alexander Krospe (Th\u00fcringer Allgemeine)<\/a><\/h5>\n<div id=\"attachment_2794\" style=\"width: 810px\" class=\"wp-caption alignnone\"><img loading=\"lazy\" decoding=\"async\" aria-describedby=\"caption-attachment-2794\" class=\"wp-image-2794 size-full\" src=\"https:\/\/www.ac-germania.com\/A_ACG\/wordpress\/wp-content\/uploads\/2014\/10\/2014-10-19-001.jpg\" alt=\"2014-10-19-001\" width=\"800\" height=\"367\" srcset=\"https:\/\/www.ac-germania.com\/A_ACG\/wordpress\/wp-content\/uploads\/2014\/10\/2014-10-19-001.jpg 800w, https:\/\/www.ac-germania.com\/A_ACG\/wordpress\/wp-content\/uploads\/2014\/10\/2014-10-19-001-300x137.jpg 300w, https:\/\/www.ac-germania.com\/A_ACG\/wordpress\/wp-content\/uploads\/2014\/10\/2014-10-19-001-150x68.jpg 150w\" sizes=\"auto, (max-width: 800px) 100vw, 800px\" \/><p id=\"caption-attachment-2794\" class=\"wp-caption-text\">Youngster Anulak Eisenhardt brachte die Germanen mit seinem Punktsieg \u00fcber Florian Schuster auf die Siegesstra\u00dfe.<\/p><\/div>\n<p><a href=\"http:\/\/www.liga-db.de\/nvligendb.asp?WCI=Std&amp;FID=1&amp;fem=2&amp;BegegnungsID=41241&amp;SLID=627\" target=\"_blank\">&gt;&gt;Einzelergebnisse (Ligadatenbank)<\/a><\/p>\n<p>Felix Th\u00e4tner wurde mit einem Sonderapplaus in der Unstruthalle empfangen. Der ehemalige Arterner Ringer ist inzwischen in Trainerdiensten beim RSV Hansa Frankfurt\/Oder, wollte vielleicht auch deshalb auf seinen scherzhaft von Hallensprecher Thomas Grosche aufgeforderten Abschiedskampf\u00a0 gegen Arterns Schwergewicht Daniel Geist verzichten. \u201eGeisti\u201c hatte in seiner 130-Kilogramm-Gewichtsklasse (Freistil) keinen Gegner, gewann deshalb kampflos.<\/p>\n<p>Es war der erste von sieben Siegen der Arterner an diesem Abend, die mit Schlusslicht Frankfurt\/Oder keine Probleme hatten. Schon beim ersten richtigen Kampf des Abends konnte sich der 15-j\u00e4hrige Anulak Eisenhardt (57 kg\/Griechisch-R\u00f6misch) im Duell der Jungspunde gegen Florian Schuster schnell eine 9:1-F\u00fchrung erarbeiten, ehe der Frankfurter seinerseits ebenfalls mit punkten begann. Am Ende stand ein 12:8 f\u00fcr Eisenhardt, was die n\u00e4chsten beiden Mannschaftsz\u00e4hler f\u00fcr den ACG sicherte.<\/p>\n<p>Anschlie\u00dfend war der n\u00e4chste Arterner Nachwuchsakteur gefragt, mit 14 Jahren sogar der j\u00fcngste im Team: Alexander Lehmann (61 kg Freistil) kam zu seinem Regionalliga-Deb\u00fct im M\u00e4nnerbereich.\u00a0 Lehmann, der f\u00fcr den ASV Sangerhausen als Gaststarter zuletzt schon einige Siege im M\u00e4nnerbereich eingefahren hatte, musste\u00a0 gegen Tom Laerz antreten. Der Arterner, immerhin schon deutscher B-Jugend-Meister,\u00a0 hielt bei seinem Einstand lange mit, musste sich in der zweiten Kampfrunde aber auf Schulter geschlagen geben<\/p>\n<p><em>\u201eAlex hat das bei seinem Deb\u00fct klasse gemacht. Er musste am Ende zwar Lehrgeld zahlen, aber das mussten die anderen Nachwuchsakteure wie Anulak zu Beginn auch. Er hat gut gek\u00e4mpft\u201c<\/em>, war Arterns Trainer Michael Getschmann mit seinem Sch\u00fctzling trotz der Niederlage zufrieden.<\/p>\n<p>Nicht mit sich selbst zufrieden war wohl Andreas Bering (98 kg GR), der gegen Werner Liebner seinen Gewichtsnachteil von 14 Kilogramm kaum ausgleichen konnte. Meist im Standkampf ging es bis acht Sekunden vor Kampfende eng zu, ehe Liebner Bering von der Matte dr\u00fcckte und mit einer Einserwertung den 2:1-Punktsieg holte.<\/p>\n<p>F\u00fcr eine schnelle Halbzeitpause und 10-5-F\u00fchrung f\u00fcr Artern sorgte Marco Scherf (66 kg GR), der mit Roy Lehmann gar keine Probleme hatte und nach nur 1:50 Minuten durch technische \u00dcberlegenheit gewinnen konnte.<\/p>\n<p>Nach der Pause, in der Kampfrichterin Saskia Buchwald\u00a0 einen kurzen Exkurs ins neue Regelwerk gab,\u00a0 war Maximilian Heft (86 kg FR) gegen Patrick Nagler an der Reihe und musste\u00a0 dank seiner\u00a0 Zweierwertung zwei Sekunden vor Kampfende nur eine 5:6-Punktniederlage hinnehmen, was den letzten Frankfurter Mannschaftspunkt an diesem Abend bedeutete. Denn danach gewann Pascal G\u00f6bel (66 kg FR) gegen Michael Schmieder stark auf Schulter, w\u00e4hrend die beiden Tschechen Oldrich Varga (86 kg GR) und Jan Ziska (75 kg GR) gegen Andreas G\u00f6ldner beziehungsweise Arne Keller ohne M\u00fche mit technischer \u00dcberlegenheit gewannen.<\/p>\n<p>F\u00fcr den einzigen Schreckensmoment an diesem Abend sorgte ausgerechnet der letzte Kampf zwischen Arterns Juan Nguyen (75 kg FR) und Frankfurts Sebastian Nehls, den Nguyen nach nur 1:34 Minuten auf Schulter gewann, dabei aber seinen Gegner erheblich verletzte. <em>\u201eDer Angriff ging\u00a0 gegen die Wirbels\u00e4ule, das muss die Kampfrichterin sehen. Der Sportler merkt das in dem Moment nicht\u201c<\/em>, fand Getschmann und w\u00fcnschte Nehls gute Besserung. Auch Th\u00e4tner prangerte die Entscheidung von Saskia Buchwald an, wollte Nguyen gleichzeitig aber\u00a0 keinen Vorwurf machen.<\/p>\n<p>So endete der souver\u00e4ne Sieg der Arterner etwas mit ged\u00e4mpfter Stimmung, obwohl die Trommler des Schalmeienorchesters Artern bis dahin f\u00fcr beste Atmosph\u00e4re gesorgt hatten. Auch Getschmann war zufrieden. <em>\u201eMan muss der jungen Truppe aus Frankfurt Respekt zollen, dass sie sich immer wieder stellen. Es war ein souver\u00e4ner Erfolg, auch wenn das Ende mit der Verletzung ein bisschen schade war.\u201c<\/em><\/p>\n<p>Durch den Sieg bleibt Artern ungeschlagen weiter Tabellenf\u00fchrer der Staffel B vor Potsdam, das beim 21:5-Erfolg gegen Luftfahrt Berlin\u00a0 ebenfalls keine M\u00fche hatte.<\/p>\n<p><strong>Unterdessen planen die Arterner Verantwortlichen, eine Busfahrt zum Ausw\u00e4rtskampf in Potsdam am 1. November, der wohl den Staffelsieg entscheiden wird, zu organisieren. N\u00e4here Informationen dazu soll es am kommenden Samstag beim Heimkampf gegen Berlin geben.<\/strong><\/p>\n","protected":false},"excerpt":{"rendered":"<p>ACG vs RSV Hansa 90 Frankfurt\/Oder 26:6 Bericht &amp; Bild: Alexander Krospe (Th\u00fcringer Allgemeine) &gt;&gt;Einzelergebnisse (Ligadatenbank) Felix Th\u00e4tner wurde mit einem Sonderapplaus in der Unstruthalle empfangen. Der ehemalige Arterner Ringer ist inzwischen in Trainerdiensten beim RSV Hansa Frankfurt\/Oder, wollte vielleicht auch deshalb auf seinen scherzhaft von Hallensprecher Thomas Grosche aufgeforderten \u2026 <a class=\"continue-reading-link\" href=\"https:\/\/www.ac-germania.com\/?p=2793\">Weiterlesen <span class=\"meta-nav\">&rarr; <\/span><\/a><\/p>\n","protected":false},"author":1,"featured_media":2794,"comment_status":"open","ping_status":"open","sticky":false,"template":"","format":"standard","meta":{"footnotes":""},"categories":[7],"tags":[],"class_list":["post-2793","post","type-post","status-publish","format-standard","has-post-thumbnail","hentry","category-news-2014"],"_links":{"self":[{"href":"https:\/\/www.ac-germania.com\/index.php?rest_route=\/wp\/v2\/posts\/2793","targetHints":{"allow":["GET"]}}],"collection":[{"href":"https:\/\/www.ac-germania.com\/index.php?rest_route=\/wp\/v2\/posts"}],"about":[{"href":"https:\/\/www.ac-germania.com\/index.php?rest_route=\/wp\/v2\/types\/post"}],"author":[{"embeddable":true,"href":"https:\/\/www.ac-germania.com\/index.php?rest_route=\/wp\/v2\/users\/1"}],"replies":[{"embeddable":true,"href":"https:\/\/www.ac-germania.com\/index.php?rest_route=%2Fwp%2Fv2%2Fcomments&post=2793"}],"version-history":[{"count":0,"href":"https:\/\/www.ac-germania.com\/index.php?rest_route=\/wp\/v2\/posts\/2793\/revisions"}],"wp:featuredmedia":[{"embeddable":true,"href":"https:\/\/www.ac-germania.com\/index.php?rest_route=\/wp\/v2\/media\/2794"}],"wp:attachment":[{"href":"https:\/\/www.ac-germania.com\/index.php?rest_route=%2Fwp%2Fv2%2Fmedia&parent=2793"}],"wp:term":[{"taxonomy":"category","embeddable":true,"href":"https:\/\/www.ac-germania.com\/index.php?rest_route=%2Fwp%2Fv2%2Fcategories&post=2793"},{"taxonomy":"post_tag","embeddable":true,"href":"https:\/\/www.ac-germania.com\/index.php?rest_route=%2Fwp%2Fv2%2Ftags&post=2793"}],"curies":[{"name":"wp","href":"https:\/\/api.w.org\/{rel}","templated":true}]}}