{"id":2786,"date":"2014-10-16T08:58:44","date_gmt":"2014-10-16T07:58:44","guid":{"rendered":"http:\/\/www.ac-germania.com\/?p=2786"},"modified":"2014-10-16T08:58:44","modified_gmt":"2014-10-16T07:58:44","slug":"germanen-starten-gegen-schlusslicht-frankfurt-in-zweite-saisonhaelfte","status":"publish","type":"post","link":"https:\/\/www.ac-germania.com\/?p=2786","title":{"rendered":"Germanen starten gegen Schlusslicht Frankfurt in zweite Saisonh\u00e4lfte"},"content":{"rendered":"<p>Am Samstag kommt es in der Unstruthalle in Artern zum Duell Tabellenf\u00fchrer gegen Schlusslicht der Regionalliga Mitteldeutschland Gruppe B. Zu Gast ist das Team aus Frankfurt\/Oder welches bisher keinen ihrer f\u00fcnf K\u00e4mpfe gewinnen konnte. Die Germanen hingegen haben alle Duelle f\u00fcr sich entscheiden k\u00f6nnen. Damit ist auch in diesem Duell die Favoritenrollen klar auf der Seite des ACG.<\/p>\n<div id=\"attachment_2788\" style=\"width: 810px\" class=\"wp-caption alignnone\"><img loading=\"lazy\" decoding=\"async\" aria-describedby=\"caption-attachment-2788\" class=\"wp-image-2788 size-full\" src=\"https:\/\/www.ac-germania.com\/A_ACG\/wordpress\/wp-content\/uploads\/2014\/10\/2014-10-15-001.jpg\" alt=\"2014-10-15-001\" width=\"800\" height=\"329\" srcset=\"https:\/\/www.ac-germania.com\/A_ACG\/wordpress\/wp-content\/uploads\/2014\/10\/2014-10-15-001.jpg 800w, https:\/\/www.ac-germania.com\/A_ACG\/wordpress\/wp-content\/uploads\/2014\/10\/2014-10-15-001-300x123.jpg 300w, https:\/\/www.ac-germania.com\/A_ACG\/wordpress\/wp-content\/uploads\/2014\/10\/2014-10-15-001-150x61.jpg 150w\" sizes=\"auto, (max-width: 800px) 100vw, 800px\" \/><p id=\"caption-attachment-2788\" class=\"wp-caption-text\">Christian &#8222;Oppi&#8220; Kleint zeigte in Frankfurt gegen Andreas G\u00f6ldner eine Starke Leistung, kommt aufgrund seiner Verletzung am Samstag aber nicht zum Einsatz.<\/p><\/div>\n<p>Im Hinkampf in Frankfurt gingen sieben von zehn Einzelk\u00e4mpfen an das Team von ACG-Coach Michael Getschmann was einen deutlichen 7:27 Ausw\u00e4rtssieg bedeutete. \u201eDas Ergebnis aus dem Kampf in Frankfurt t\u00e4uscht \u00fcber die Qualit\u00e4t des Kaders der Oderst\u00e4dter, viele K\u00e4mpfe waren dabei auf Augenh\u00f6he mit dem besseren Ende f\u00fcr uns.\u201c res\u00fcmierte Getschmann.<\/p>\n<p>In den K\u00e4mpfen gegen Leipzig (18:14) und Berlin (16:20) ging es deutlich knapper zu und im ersten R\u00fcckrundenkampf gegen den Tabellenzweiten aus Potsdam (14:17) w\u00e4re bei f\u00fcnf von zehn gewonnenen K\u00e4mpfen mit etwas Gl\u00fcck sogar ein Sieg machbar gewesen.<\/p>\n<p>Das Team um Trainer Felix Th\u00e4tner besteht zum gr\u00f6\u00dften Teil aus jungen Athleten der Sportschulen Frankfurt und Luckenwalde und wird auch vor heimischen Publikum nicht zu untersch\u00e4tzen sein. Aufgrund der Stilartenwechsel in den unteren und oberen Gewichtsklassen k\u00f6nnte es zu v\u00f6llig neuen Konstellationen in der Aufstellung kommen.<\/p>\n<p><a title=\"Germanen gewinnen Regionalligaauftakt in Frankfurt\" href=\"https:\/\/www.ac-germania.com\/?p=2687\" target=\"_blank\">&gt;&gt; Hier gehts zum Hinkampf<\/a><\/p>\n<p><a href=\"http:\/\/www.rsvhansa.de\/\" target=\"_blank\">&gt;&gt; Hier gehts zur Webseite des RSV Hansa 90 Frankfurt\/Oder<\/a><\/p>\n<p><span style=\"color: #ff0000;\">Parkplatzinfo: Aufgrund der Stra\u00dfenerneuerung der B86 empfehlen wir f\u00fcr eine schnelle An- &amp; Abreise den Parkplatz am Groschenmarkt zu nutzen. Fu\u00dfweg zur Unstruthalle dauert ca. f\u00fcnf Minuten. Die Parkm\u00f6glichkeiten an der Unstruthalle sind sehr begrenzt.<\/span><\/p>\n<p><img loading=\"lazy\" decoding=\"async\" class=\"alignnone size-full wp-image-2732\" src=\"https:\/\/www.ac-germania.com\/A_ACG\/wordpress\/wp-content\/uploads\/2014\/09\/2014-09-22-Baustelle-B86.jpg\" alt=\"2014-09-22-Baustelle-B86\" width=\"800\" height=\"561\" srcset=\"https:\/\/www.ac-germania.com\/A_ACG\/wordpress\/wp-content\/uploads\/2014\/09\/2014-09-22-Baustelle-B86.jpg 800w, https:\/\/www.ac-germania.com\/A_ACG\/wordpress\/wp-content\/uploads\/2014\/09\/2014-09-22-Baustelle-B86-300x210.jpg 300w, https:\/\/www.ac-germania.com\/A_ACG\/wordpress\/wp-content\/uploads\/2014\/09\/2014-09-22-Baustelle-B86-150x105.jpg 150w\" sizes=\"auto, (max-width: 800px) 100vw, 800px\" \/><\/p>\n","protected":false},"excerpt":{"rendered":"<p>Am Samstag kommt es in der Unstruthalle in Artern zum Duell Tabellenf\u00fchrer gegen Schlusslicht der Regionalliga Mitteldeutschland Gruppe B. Zu Gast ist das Team aus Frankfurt\/Oder welches bisher keinen ihrer f\u00fcnf K\u00e4mpfe gewinnen konnte. Die Germanen hingegen haben alle Duelle f\u00fcr sich entscheiden k\u00f6nnen. Damit ist auch in diesem Duell \u2026 <a class=\"continue-reading-link\" href=\"https:\/\/www.ac-germania.com\/?p=2786\">Weiterlesen <span class=\"meta-nav\">&rarr; <\/span><\/a><\/p>\n","protected":false},"author":1,"featured_media":2788,"comment_status":"open","ping_status":"open","sticky":false,"template":"","format":"standard","meta":{"footnotes":""},"categories":[7],"tags":[],"class_list":["post-2786","post","type-post","status-publish","format-standard","has-post-thumbnail","hentry","category-news-2014"],"_links":{"self":[{"href":"https:\/\/www.ac-germania.com\/index.php?rest_route=\/wp\/v2\/posts\/2786","targetHints":{"allow":["GET"]}}],"collection":[{"href":"https:\/\/www.ac-germania.com\/index.php?rest_route=\/wp\/v2\/posts"}],"about":[{"href":"https:\/\/www.ac-germania.com\/index.php?rest_route=\/wp\/v2\/types\/post"}],"author":[{"embeddable":true,"href":"https:\/\/www.ac-germania.com\/index.php?rest_route=\/wp\/v2\/users\/1"}],"replies":[{"embeddable":true,"href":"https:\/\/www.ac-germania.com\/index.php?rest_route=%2Fwp%2Fv2%2Fcomments&post=2786"}],"version-history":[{"count":0,"href":"https:\/\/www.ac-germania.com\/index.php?rest_route=\/wp\/v2\/posts\/2786\/revisions"}],"wp:featuredmedia":[{"embeddable":true,"href":"https:\/\/www.ac-germania.com\/index.php?rest_route=\/wp\/v2\/media\/2788"}],"wp:attachment":[{"href":"https:\/\/www.ac-germania.com\/index.php?rest_route=%2Fwp%2Fv2%2Fmedia&parent=2786"}],"wp:term":[{"taxonomy":"category","embeddable":true,"href":"https:\/\/www.ac-germania.com\/index.php?rest_route=%2Fwp%2Fv2%2Fcategories&post=2786"},{"taxonomy":"post_tag","embeddable":true,"href":"https:\/\/www.ac-germania.com\/index.php?rest_route=%2Fwp%2Fv2%2Ftags&post=2786"}],"curies":[{"name":"wp","href":"https:\/\/api.w.org\/{rel}","templated":true}]}}