{"id":2773,"date":"2014-10-09T16:03:22","date_gmt":"2014-10-09T15:03:22","guid":{"rendered":"http:\/\/www.ac-germania.com\/?p=2773"},"modified":"2014-10-09T16:03:22","modified_gmt":"2014-10-09T15:03:22","slug":"interview-mit-neuzugang-marco-scherf","status":"publish","type":"post","link":"https:\/\/www.ac-germania.com\/?p=2773","title":{"rendered":"Interview mit Neuzugang Marco Scherf"},"content":{"rendered":"<p>Vier Regionalligak\u00e4mpfe sind absolviert, die Germanen sind mit vier Siegen sehr gut in die Saison gestartet und voll auf Kurs. Kommenden Samstag haben die Germanen kampffrei, passend dazu haben wir unserem Neuzugang Marco Scherf ein paar Fragen gestellt.<\/p>\n<div id=\"attachment_2774\" style=\"width: 810px\" class=\"wp-caption alignnone\"><img loading=\"lazy\" decoding=\"async\" aria-describedby=\"caption-attachment-2774\" class=\"wp-image-2774 size-full\" src=\"https:\/\/www.ac-germania.com\/A_ACG\/wordpress\/wp-content\/uploads\/2014\/10\/2014-10-09-001.jpg\" alt=\"2014-10-09-001\" width=\"800\" height=\"423\" srcset=\"https:\/\/www.ac-germania.com\/A_ACG\/wordpress\/wp-content\/uploads\/2014\/10\/2014-10-09-001.jpg 800w, https:\/\/www.ac-germania.com\/A_ACG\/wordpress\/wp-content\/uploads\/2014\/10\/2014-10-09-001-300x158.jpg 300w, https:\/\/www.ac-germania.com\/A_ACG\/wordpress\/wp-content\/uploads\/2014\/10\/2014-10-09-001-150x79.jpg 150w\" sizes=\"auto, (max-width: 800px) 100vw, 800px\" \/><p id=\"caption-attachment-2774\" class=\"wp-caption-text\">Marco Scherf im Kampf gegen SAV Leipzig.<\/p><\/div>\n<p><strong>Die ersten vier K\u00e4mpfe in der Regionalliga\u00a0 sind absolviert.\u00a0 Wie wurden Sie im Team aufgenommen?<\/strong><\/p>\n<p><em>Das Team hat mich super aufgenommen. Bevor die Saison startete, habe\u00a0 ich mit dem AC Germania\u00a0 zwei Trainingslehrg\u00e4nge absolviert, wodurch ich das Team schon kennenlernen konnte. Ich habe\u00a0 mich sofort willkommen gef\u00fchlt, aufgrund der gemeinschaftlichen und vor allem lustigen Stimmung innerhalb des Teams.<\/em><\/p>\n<p><strong>Was gef\u00e4llt Ihnen besonders beim AC Germania Artern?<\/strong><\/p>\n<p><em>Der Teamzusammenhalt, die Gemeinschaft und die gute Stimmung.<\/em><\/p>\n<p><span style=\"color: #000000;\"><strong>Haben Sie bereits was von Artern oder der Umgebung gesehen?<\/strong><\/span><\/p>\n<p><em>Bisher habe ich noch nicht viel gesehen. Nur durch die Trainingslehrg\u00e4nge haben wir einen Lauf durch Artern gemacht, wo ich etwas die Gegend erkunden konnte.<\/em><\/p>\n<p><strong>Wie w\u00fcrden Sie die Atmosph\u00e4re und das Ergebnis vom Potsdam-Kampf beschreiben?<\/strong><\/p>\n<p><em>Die Atmosph\u00e4re war\u00a0 gro\u00dfartig. Das war ich bisher nicht gewohnt, da bei den Heimk\u00e4mpfen in Leipzig und\u00a0 Taucha die Stimmung immer eher ruhig war. Mit dem Ergebnis bin ich sehr zufrieden. Wir haben\u00a0 um jeden Punkt gek\u00e4mpft. Am Ende haben wir verdient gewonnen.<\/em><\/p>\n<p><strong>Am Samstag hat\u00a0 Artern kampffrei. Was machen Sie am freien Wochenende?<\/strong><\/p>\n<p><em>Dieses Wochenende werde ich mich meinem Studium der Wirtschaftswissenschaft widmen. Und am Abend werde ich sicherlich mit meinen Freunden etwas unternehmen.<\/em><\/p>\n<div id=\"attachment_2775\" style=\"width: 810px\" class=\"wp-caption alignnone\"><img loading=\"lazy\" decoding=\"async\" aria-describedby=\"caption-attachment-2775\" class=\"wp-image-2775 size-full\" src=\"https:\/\/www.ac-germania.com\/A_ACG\/wordpress\/wp-content\/uploads\/2014\/10\/2014-10-09-002.jpg\" alt=\"2014-10-09-002\" width=\"800\" height=\"352\" srcset=\"https:\/\/www.ac-germania.com\/A_ACG\/wordpress\/wp-content\/uploads\/2014\/10\/2014-10-09-002.jpg 800w, https:\/\/www.ac-germania.com\/A_ACG\/wordpress\/wp-content\/uploads\/2014\/10\/2014-10-09-002-300x132.jpg 300w, https:\/\/www.ac-germania.com\/A_ACG\/wordpress\/wp-content\/uploads\/2014\/10\/2014-10-09-002-150x66.jpg 150w\" sizes=\"auto, (max-width: 800px) 100vw, 800px\" \/><p id=\"caption-attachment-2775\" class=\"wp-caption-text\">Marco Scherf bei seinem ersten Kampf gegen Luftfahrt Berlin.<\/p><\/div>\n<p><strong>Sie sind Bankkaufmann, Ihre\u00a0 Leidenschaft ist das Ringen. Wie vertreiben Sie sich\u00a0 sonst\u00a0 die Zeit?<\/strong><\/p>\n<p><em>Ich studiere seit diesem Jahr\u00a0 und daf\u00fcr investiere ich auch viel Zeit. Sollte ich neben Job, Studium und Sport Zeit finden, unternehme ich viel mit meinen Freunden oder setze mich auch gern an meine Playstation.<\/em><\/p>\n<p><strong>Sie hatten vor der Saison mehrere\u00a0 Angebote, warum fiel die Wahl\u00a0 auf den\u00a0 AC Germania?<\/strong><\/p>\n<p><em>Ich wollte nach\u00a0 sechs Jahren\u00a0 in Leipzig\u00a0 unbedingt etwas neues erleben. Durch meinen Trainer und jetzigen Vereinskameraden Andreas Bering bin ich auf Artern aufmerksam geworden. Daher schaute ich mir im Dezember 2013 das Finale gegen den RSK Gelenau an. Ich war \u00fcberw\u00e4ltigt von der tollen Stimmung und dem super Teamgef\u00fcge.<\/em><\/p>\n<p><strong>Vier K\u00e4mpfe, vier Siege, 105:28 Mannschaftspunkte \u2013 Haben Sie\u00a0 vor der Saison mit so einem Start gerechnet?<\/strong><\/p>\n<p><em>Um ehrlich zu sein \u2026 Ja. Ich war mir von Anfang an sicher, dass wir die Favoriten sind und das haben wir bisher gut bewiesen.<\/em><\/p>\n<p><strong>Was trauen Sie\u00a0 dem Team zum Saisonende\u00a0 zu?<\/strong><\/p>\n<p><em>Wenn wir verletzungsfrei bleiben,\u00a0 k\u00f6nnen\u00a0 wir Regionalligameister\u00a0 werden.<\/em><\/p>\n<p>N\u00e4chsten Samstag beginnt mit dem Heimkampf gegen RSV Hansa 90 Frankfurt\/Oder bereits die R\u00fcckrunde der ersten Meisterschaftsrunde.<\/p>\n","protected":false},"excerpt":{"rendered":"<p>Vier Regionalligak\u00e4mpfe sind absolviert, die Germanen sind mit vier Siegen sehr gut in die Saison gestartet und voll auf Kurs. Kommenden Samstag haben die Germanen kampffrei, passend dazu haben wir unserem Neuzugang Marco Scherf ein paar Fragen gestellt. Die ersten vier K\u00e4mpfe in der Regionalliga\u00a0 sind absolviert.\u00a0 Wie wurden Sie \u2026 <a class=\"continue-reading-link\" href=\"https:\/\/www.ac-germania.com\/?p=2773\">Weiterlesen <span class=\"meta-nav\">&rarr; <\/span><\/a><\/p>\n","protected":false},"author":1,"featured_media":2774,"comment_status":"open","ping_status":"open","sticky":false,"template":"","format":"standard","meta":{"footnotes":""},"categories":[7],"tags":[],"class_list":["post-2773","post","type-post","status-publish","format-standard","has-post-thumbnail","hentry","category-news-2014"],"_links":{"self":[{"href":"https:\/\/www.ac-germania.com\/index.php?rest_route=\/wp\/v2\/posts\/2773","targetHints":{"allow":["GET"]}}],"collection":[{"href":"https:\/\/www.ac-germania.com\/index.php?rest_route=\/wp\/v2\/posts"}],"about":[{"href":"https:\/\/www.ac-germania.com\/index.php?rest_route=\/wp\/v2\/types\/post"}],"author":[{"embeddable":true,"href":"https:\/\/www.ac-germania.com\/index.php?rest_route=\/wp\/v2\/users\/1"}],"replies":[{"embeddable":true,"href":"https:\/\/www.ac-germania.com\/index.php?rest_route=%2Fwp%2Fv2%2Fcomments&post=2773"}],"version-history":[{"count":0,"href":"https:\/\/www.ac-germania.com\/index.php?rest_route=\/wp\/v2\/posts\/2773\/revisions"}],"wp:featuredmedia":[{"embeddable":true,"href":"https:\/\/www.ac-germania.com\/index.php?rest_route=\/wp\/v2\/media\/2774"}],"wp:attachment":[{"href":"https:\/\/www.ac-germania.com\/index.php?rest_route=%2Fwp%2Fv2%2Fmedia&parent=2773"}],"wp:term":[{"taxonomy":"category","embeddable":true,"href":"https:\/\/www.ac-germania.com\/index.php?rest_route=%2Fwp%2Fv2%2Fcategories&post=2773"},{"taxonomy":"post_tag","embeddable":true,"href":"https:\/\/www.ac-germania.com\/index.php?rest_route=%2Fwp%2Fv2%2Ftags&post=2773"}],"curies":[{"name":"wp","href":"https:\/\/api.w.org\/{rel}","templated":true}]}}