{"id":2760,"date":"2014-10-02T10:03:14","date_gmt":"2014-10-02T09:03:14","guid":{"rendered":"http:\/\/www.ac-germania.com\/?p=2760"},"modified":"2014-10-02T10:03:14","modified_gmt":"2014-10-02T09:03:14","slug":"vorschau-germanen-zum-derby-in-leipzig","status":"publish","type":"post","link":"https:\/\/www.ac-germania.com\/?p=2760","title":{"rendered":"Vorschau: Germanen zum Derby in Leipzig"},"content":{"rendered":"<p>Am Zwiebelmarktwochenende m\u00fcssen die Germanen aus Artern in der Regionalliga Mitteldeutschland wieder ausw\u00e4rts antreten. Die Reisestrapazen werden sich dabei aber dieses Mal in Grenzen halten, Gastgeber zum Duell am Samstag ist der SAV Leipzig\/Gro\u00dflehna.<\/p>\n<div id=\"attachment_2761\" style=\"width: 810px\" class=\"wp-caption alignnone\"><img loading=\"lazy\" decoding=\"async\" aria-describedby=\"caption-attachment-2761\" class=\"wp-image-2761 size-full\" src=\"https:\/\/www.ac-germania.com\/A_ACG\/wordpress\/wp-content\/uploads\/2014\/10\/2014-10-02-001.jpg\" alt=\"2014-10-02-001\" width=\"800\" height=\"426\" srcset=\"https:\/\/www.ac-germania.com\/A_ACG\/wordpress\/wp-content\/uploads\/2014\/10\/2014-10-02-001.jpg 800w, https:\/\/www.ac-germania.com\/A_ACG\/wordpress\/wp-content\/uploads\/2014\/10\/2014-10-02-001-300x159.jpg 300w, https:\/\/www.ac-germania.com\/A_ACG\/wordpress\/wp-content\/uploads\/2014\/10\/2014-10-02-001-150x79.jpg 150w\" sizes=\"auto, (max-width: 800px) 100vw, 800px\" \/><p id=\"caption-attachment-2761\" class=\"wp-caption-text\">Publikumsliebling Juan Nguyen machte mit spektakul\u00e4ren Freistiltechniken gegen Potsdam die Unstruthalle zum Tollhaus.<\/p><\/div>\n<p>Die Randleipziger stehen nach einem Sieg gegen Frankfurt und zwei Niederlagen gegen Potsdam und Berlin auf dem vorletzten Platz in der Tabelle, die Germanen fahren dagegen nach drei Siegen, als Tabellenf\u00fchrer mit breiter Brust nach Gro\u00dflehna. \u201eDie Favoritenrolle d\u00fcrfte damit klar sein aber untersch\u00e4tzen werden wir den SAV ganz sicher nicht, schlie\u00dflich haben sie letzte Saison in der Gruppenphase hinter uns und Potsdam einen starken dritten Platz erk\u00e4mpft.\u201c sagte ACG-Coach Michael Getschmann.<\/p>\n<p>Der Kader der Messest\u00e4dter hat sich bis auf die beiden Zug\u00e4nge Paul Sch\u00e4rschmidt (KFC Leipzig) und Michel Breidel (RSK Gelenau) nicht gro\u00dfartig ver\u00e4ndert, es bleibt abzuwarten mit welcher Aufstellung sie auf die Matte gehen. In der letzten Saison setzte sich der ACG mit 33:3 in Gro\u00dflehna und mit 31:7 im Hexenkessel sehr deutlich gegen den SAV durch.<\/p>\n<p><strong>Die Mannschaft des AC Germania w\u00fcrde sich aufgrund der kurzen Anreise \u00fcber die Unterst\u00fctzung einiger Arterner Fans freuen.<\/strong><\/p>\n<p><a href=\"http:\/\/www.ringen-in-grosslehna.de\/\" target=\"_blank\">&gt;&gt; Hier gehts zur Webseite des SAV Leipzig\/Gro\u00dflehna<\/a><\/p>\n<p><strong>Adresse der Wettkampfhalle:<\/strong><\/p>\n<p><strong>Grundschule Gro\u00dflehna<\/strong><br \/>\n<strong>Schwedenstr. 01<\/strong><br \/>\n<strong>04420 Gro\u00dflehna<\/strong><\/p>\n<p><strong>Kampfbeginn: 19:30 Uhr<\/strong><\/p>\n<p><iframe loading=\"lazy\" style=\"border: 0;\" src=\"https:\/\/www.google.com\/maps\/embed?pb=!1m29!1m12!1m3!1d318905.30904060835!2d11.469890505306934!3d51.358065335310854!2m3!1f0!2f0!3f0!3m2!1i1024!2i768!4f13.1!4m14!1i0!3e6!4m5!1s0x47a4368d4a7715d7%3A0x4208ec174355890!2sArtern%2FUnstrut!3m2!1d51.3673649!2d11.295485399999999!4m5!1s0x47a6f48468632451%3A0x8a4aa9496c3d3cb0!2sSchwedenstra%C3%9Fe+1%2C+04420+Markranst%C3%A4dt!3m2!1d51.3094738!2d12.1682466!5e0!3m2!1sde!2sde!4v1412193014754\" width=\"800\" height=\"600\" frameborder=\"0\"><\/iframe><\/p>\n","protected":false},"excerpt":{"rendered":"<p>Am Zwiebelmarktwochenende m\u00fcssen die Germanen aus Artern in der Regionalliga Mitteldeutschland wieder ausw\u00e4rts antreten. Die Reisestrapazen werden sich dabei aber dieses Mal in Grenzen halten, Gastgeber zum Duell am Samstag ist der SAV Leipzig\/Gro\u00dflehna. Die Randleipziger stehen nach einem Sieg gegen Frankfurt und zwei Niederlagen gegen Potsdam und Berlin auf \u2026 <a class=\"continue-reading-link\" href=\"https:\/\/www.ac-germania.com\/?p=2760\">Weiterlesen <span class=\"meta-nav\">&rarr; <\/span><\/a><\/p>\n","protected":false},"author":1,"featured_media":2761,"comment_status":"open","ping_status":"open","sticky":false,"template":"","format":"standard","meta":{"footnotes":""},"categories":[7],"tags":[],"class_list":["post-2760","post","type-post","status-publish","format-standard","has-post-thumbnail","hentry","category-news-2014"],"_links":{"self":[{"href":"https:\/\/www.ac-germania.com\/index.php?rest_route=\/wp\/v2\/posts\/2760","targetHints":{"allow":["GET"]}}],"collection":[{"href":"https:\/\/www.ac-germania.com\/index.php?rest_route=\/wp\/v2\/posts"}],"about":[{"href":"https:\/\/www.ac-germania.com\/index.php?rest_route=\/wp\/v2\/types\/post"}],"author":[{"embeddable":true,"href":"https:\/\/www.ac-germania.com\/index.php?rest_route=\/wp\/v2\/users\/1"}],"replies":[{"embeddable":true,"href":"https:\/\/www.ac-germania.com\/index.php?rest_route=%2Fwp%2Fv2%2Fcomments&post=2760"}],"version-history":[{"count":0,"href":"https:\/\/www.ac-germania.com\/index.php?rest_route=\/wp\/v2\/posts\/2760\/revisions"}],"wp:featuredmedia":[{"embeddable":true,"href":"https:\/\/www.ac-germania.com\/index.php?rest_route=\/wp\/v2\/media\/2761"}],"wp:attachment":[{"href":"https:\/\/www.ac-germania.com\/index.php?rest_route=%2Fwp%2Fv2%2Fmedia&parent=2760"}],"wp:term":[{"taxonomy":"category","embeddable":true,"href":"https:\/\/www.ac-germania.com\/index.php?rest_route=%2Fwp%2Fv2%2Fcategories&post=2760"},{"taxonomy":"post_tag","embeddable":true,"href":"https:\/\/www.ac-germania.com\/index.php?rest_route=%2Fwp%2Fv2%2Ftags&post=2760"}],"curies":[{"name":"wp","href":"https:\/\/api.w.org\/{rel}","templated":true}]}}