{"id":2738,"date":"2014-09-26T09:32:22","date_gmt":"2014-09-26T08:32:22","guid":{"rendered":"http:\/\/www.ac-germania.com\/?p=2738"},"modified":"2014-09-26T09:32:22","modified_gmt":"2014-09-26T08:32:22","slug":"acg-youngster-beim-internationalen-brandenburg-cup-am-start","status":"publish","type":"post","link":"https:\/\/www.ac-germania.com\/?p=2738","title":{"rendered":"ACG Youngster beim Internationalen Brandenburg-Cup am Start"},"content":{"rendered":"<div id=\"attachment_2739\" style=\"width: 810px\" class=\"wp-caption alignnone\"><img loading=\"lazy\" decoding=\"async\" aria-describedby=\"caption-attachment-2739\" class=\"wp-image-2739 size-full\" src=\"https:\/\/www.ac-germania.com\/A_ACG\/wordpress\/wp-content\/uploads\/2014\/09\/2014-09-26-001.jpg\" alt=\"2014-09-26-001\" width=\"800\" height=\"469\" srcset=\"https:\/\/www.ac-germania.com\/A_ACG\/wordpress\/wp-content\/uploads\/2014\/09\/2014-09-26-001.jpg 800w, https:\/\/www.ac-germania.com\/A_ACG\/wordpress\/wp-content\/uploads\/2014\/09\/2014-09-26-001-300x175.jpg 300w, https:\/\/www.ac-germania.com\/A_ACG\/wordpress\/wp-content\/uploads\/2014\/09\/2014-09-26-001-150x87.jpg 150w\" sizes=\"auto, (max-width: 800px) 100vw, 800px\" \/><p id=\"caption-attachment-2739\" class=\"wp-caption-text\">Georg Schulz (rotes Trikot) m\u00f6chte auch in Frankfurt \u00fcberzeugen. Foto: Wilhelm Slodczyk<\/p><\/div>\n<p>Am Wochenende findet in Frankfurt\/Oder der 23. Internationale Brandenburg-Cup statt, das Turnier z\u00e4hlt zu den gr\u00f6\u00dften Nachwuchswettk\u00e4mpfen in ganz Deutschland und wird in der Brandenburghalle ausgetragen. Vom AC Germania sind insgesamt f\u00fcnf Nachwuchsathleten am Start, bei der weiblichen Jugend geht DM-Bronzemedaillengewinnerin Katharina Gilewitsch als Titelverteidigerin auf die Matte, Alexander Lehmann und Jonas Michel werden in der B-Jugend starten. Das Team wird von Georg und Paul Schulz in der C-Jugend komplettiert. Als verantwortliche Betreuer werden Michael Kinitz sowie Thomas Schulz mit nach Frankfurt reisen.<\/p>\n<p>Unsere Youngster m\u00fcssen sich bei diesem hochklassigen Turnier mit Startern aus D\u00e4nemark, Schweden, Niederlande, Ungarn, Polen, Litauen, Slowakei, Estland, Russland, Lettland, Tschechien und Deutschland auseinandersetzen. Gerungen wird auf insgesamt f\u00fcnf Matten.<\/p>\n<p>Wir w\u00fcnschen unseren Startern eine erfolgreichen und verletzungsfreien Wettkampf!<\/p>\n<p><a href=\"http:\/\/www.rsvhansa.de\/\" target=\"_blank\">&gt;&gt; Hier gehts zur Webseite des Veranstalters RSV Hansa 90 Frankfurt\/Oder<\/a><\/p>\n<p><a href=\"http:\/\/www.ringerdb.de\/de\/turniere\/TurnierDetailInfo.aspx?TID=3637\" target=\"_blank\">&gt;&gt; Hier gibts aktuelle Ergebnisse (Liga-Datenbank)<\/a><\/p>\n","protected":false},"excerpt":{"rendered":"<p>Am Wochenende findet in Frankfurt\/Oder der 23. Internationale Brandenburg-Cup statt, das Turnier z\u00e4hlt zu den gr\u00f6\u00dften Nachwuchswettk\u00e4mpfen in ganz Deutschland und wird in der Brandenburghalle ausgetragen. Vom AC Germania sind insgesamt f\u00fcnf Nachwuchsathleten am Start, bei der weiblichen Jugend geht DM-Bronzemedaillengewinnerin Katharina Gilewitsch als Titelverteidigerin auf die Matte, Alexander Lehmann \u2026 <a class=\"continue-reading-link\" href=\"https:\/\/www.ac-germania.com\/?p=2738\">Weiterlesen <span class=\"meta-nav\">&rarr; <\/span><\/a><\/p>\n","protected":false},"author":1,"featured_media":2739,"comment_status":"open","ping_status":"open","sticky":false,"template":"","format":"standard","meta":{"footnotes":""},"categories":[7],"tags":[],"class_list":["post-2738","post","type-post","status-publish","format-standard","has-post-thumbnail","hentry","category-news-2014"],"_links":{"self":[{"href":"https:\/\/www.ac-germania.com\/index.php?rest_route=\/wp\/v2\/posts\/2738","targetHints":{"allow":["GET"]}}],"collection":[{"href":"https:\/\/www.ac-germania.com\/index.php?rest_route=\/wp\/v2\/posts"}],"about":[{"href":"https:\/\/www.ac-germania.com\/index.php?rest_route=\/wp\/v2\/types\/post"}],"author":[{"embeddable":true,"href":"https:\/\/www.ac-germania.com\/index.php?rest_route=\/wp\/v2\/users\/1"}],"replies":[{"embeddable":true,"href":"https:\/\/www.ac-germania.com\/index.php?rest_route=%2Fwp%2Fv2%2Fcomments&post=2738"}],"version-history":[{"count":0,"href":"https:\/\/www.ac-germania.com\/index.php?rest_route=\/wp\/v2\/posts\/2738\/revisions"}],"wp:featuredmedia":[{"embeddable":true,"href":"https:\/\/www.ac-germania.com\/index.php?rest_route=\/wp\/v2\/media\/2739"}],"wp:attachment":[{"href":"https:\/\/www.ac-germania.com\/index.php?rest_route=%2Fwp%2Fv2%2Fmedia&parent=2738"}],"wp:term":[{"taxonomy":"category","embeddable":true,"href":"https:\/\/www.ac-germania.com\/index.php?rest_route=%2Fwp%2Fv2%2Fcategories&post=2738"},{"taxonomy":"post_tag","embeddable":true,"href":"https:\/\/www.ac-germania.com\/index.php?rest_route=%2Fwp%2Fv2%2Ftags&post=2738"}],"curies":[{"name":"wp","href":"https:\/\/api.w.org\/{rel}","templated":true}]}}