{"id":2730,"date":"2014-09-25T08:17:55","date_gmt":"2014-09-25T07:17:55","guid":{"rendered":"http:\/\/www.ac-germania.com\/?p=2730"},"modified":"2014-09-25T08:17:55","modified_gmt":"2014-09-25T07:17:55","slug":"vorschau-spitzenkampf-in-der-unstruthalle","status":"publish","type":"post","link":"https:\/\/www.ac-germania.com\/?p=2730","title":{"rendered":"Vorschau: Spitzenkampf in der Unstruthalle"},"content":{"rendered":"<div id=\"attachment_2731\" style=\"width: 810px\" class=\"wp-caption alignnone\"><img loading=\"lazy\" decoding=\"async\" aria-describedby=\"caption-attachment-2731\" class=\"wp-image-2731 size-full\" src=\"https:\/\/www.ac-germania.com\/A_ACG\/wordpress\/wp-content\/uploads\/2014\/09\/2014-09-25-001.jpg\" alt=\"2014-09-25-001\" width=\"800\" height=\"288\" srcset=\"https:\/\/www.ac-germania.com\/A_ACG\/wordpress\/wp-content\/uploads\/2014\/09\/2014-09-25-001.jpg 800w, https:\/\/www.ac-germania.com\/A_ACG\/wordpress\/wp-content\/uploads\/2014\/09\/2014-09-25-001-300x108.jpg 300w, https:\/\/www.ac-germania.com\/A_ACG\/wordpress\/wp-content\/uploads\/2014\/09\/2014-09-25-001-150x54.jpg 150w\" sizes=\"auto, (max-width: 800px) 100vw, 800px\" \/><p id=\"caption-attachment-2731\" class=\"wp-caption-text\">Tim Salzmann m\u00f6chte nach seinem Schultersieg in Berlin erneut punkten.<\/p><\/div>\n<p>Am Samstag steht f\u00fcr das Regionalligateam des AC Germania Artern der erste Heimkampf in dieser Saison an und der hat es gleich in sich. Zu Gast im Hexenkessel Unstruthalle wird der ungeschlagenen Tabellenf\u00fchrer aus Potsdam sein. Der RCG hat allerdings einen Kampf mehr als die Germanen, welche in den ersten beiden Duellen gegen Frankfurt und Berlin auch mit deutlichen Siegen \u00fcberzeugen konnten.<\/p>\n<p>Potsdam z\u00e4hlt neben dem ACG als Favorit auf den Staffelsieg und hat als Saisonziel auch die Meisterschaft in der Regionalliga ausgegeben. In dieser Saison steht dem Team um das Trainerduo Leffler\/Schmiege ein sehr gro\u00dfer und ausgeglichener Kader zur Verf\u00fcgung. Den beiden Abg\u00e4ngen Aslan und Norman Mahmudov (beide Gelenau) stehen insgesamt f\u00fcnf Neuzug\u00e4nge entgegen. Die st\u00e4rksten Verpflichtungen sind sicher die beiden R\u00fcckkehrer Ricardo Melz (130kg) und Martin Lehmann (75kg\/GR). Melz z\u00e4hlt im obersten Limit zu den besten deutschen Athleten und konnte im Juniorenbereich die Bronzemedaille bei der Weltmeisterschaft erk\u00e4mpfen.<\/p>\n<p><em>\u201eBeim Kader sehe ich leichte Vorteile bei Potsdam, sie sind mit \u00fcber 20 Athleten sehr variabel und nicht wirklich ausrechenbar aber wenn wir am Samstag alle Sportler zur Verf\u00fcgung haben ist alles m\u00f6glich und mit der Unterst\u00fctzung unserer Fans k\u00f6nnen wir genau wie letztes Jahr den Sieg erringen.\u201c<\/em> meinte Germanencoach Michael Getschmann.<\/p>\n<p>Entscheidend werden in diesem Spitzenkampf auch die kleinen Wertungen sein: <em>\u201eWir m\u00fcssen in den Schl\u00fcsselk\u00e4mpfen und vor allem auch dort wo Potsdam ihre Siegringer hat so wenig wie m\u00f6glich abgeben und selbst versuchen unsere St\u00e4rke auszuspielen und hoch zu punkten.\u201c<\/em> sagte Getschmann weiterhin.<\/p>\n<p>Die Zuschauer d\u00fcrfen sich auf alle F\u00e4lle auf einen spannenden Kampfabend freuen, hoffentlich mit dem besseren Ende f\u00fcr die Germanen.<\/p>\n<p><a href=\"http:\/\/www.rcgermania-potsdam.de\" target=\"_blank\">&gt;&gt; Hier gehts zum Internetauftritt des RC Germania Potsdam<\/a><\/p>\n<p><span style=\"color: #ff0000;\">Parkplatzinfo: Aufgrund der Stra\u00dfenerneuerung der B86 empfehlen wir f\u00fcr eine schnelle An- &amp; Abreise den Parkplatz am Groschenmarkt zu nutzen. Fu\u00dfweg zur Unstruthalle dauert ca. f\u00fcnf Minuten. Die Parkm\u00f6glichkeiten an der Unstruthalle sind sehr begrenzt.<\/span><\/p>\n<p><img loading=\"lazy\" decoding=\"async\" class=\"alignnone size-full wp-image-2732\" src=\"https:\/\/www.ac-germania.com\/A_ACG\/wordpress\/wp-content\/uploads\/2014\/09\/2014-09-22-Baustelle-B86.jpg\" alt=\"2014-09-22-Baustelle-B86\" width=\"800\" height=\"561\" srcset=\"https:\/\/www.ac-germania.com\/A_ACG\/wordpress\/wp-content\/uploads\/2014\/09\/2014-09-22-Baustelle-B86.jpg 800w, https:\/\/www.ac-germania.com\/A_ACG\/wordpress\/wp-content\/uploads\/2014\/09\/2014-09-22-Baustelle-B86-300x210.jpg 300w, https:\/\/www.ac-germania.com\/A_ACG\/wordpress\/wp-content\/uploads\/2014\/09\/2014-09-22-Baustelle-B86-150x105.jpg 150w\" sizes=\"auto, (max-width: 800px) 100vw, 800px\" \/><\/p>\n","protected":false},"excerpt":{"rendered":"<p>Am Samstag steht f\u00fcr das Regionalligateam des AC Germania Artern der erste Heimkampf in dieser Saison an und der hat es gleich in sich. Zu Gast im Hexenkessel Unstruthalle wird der ungeschlagenen Tabellenf\u00fchrer aus Potsdam sein. Der RCG hat allerdings einen Kampf mehr als die Germanen, welche in den ersten \u2026 <a class=\"continue-reading-link\" href=\"https:\/\/www.ac-germania.com\/?p=2730\">Weiterlesen <span class=\"meta-nav\">&rarr; <\/span><\/a><\/p>\n","protected":false},"author":1,"featured_media":2731,"comment_status":"open","ping_status":"open","sticky":false,"template":"","format":"standard","meta":{"footnotes":""},"categories":[7],"tags":[],"class_list":["post-2730","post","type-post","status-publish","format-standard","has-post-thumbnail","hentry","category-news-2014"],"_links":{"self":[{"href":"https:\/\/www.ac-germania.com\/index.php?rest_route=\/wp\/v2\/posts\/2730","targetHints":{"allow":["GET"]}}],"collection":[{"href":"https:\/\/www.ac-germania.com\/index.php?rest_route=\/wp\/v2\/posts"}],"about":[{"href":"https:\/\/www.ac-germania.com\/index.php?rest_route=\/wp\/v2\/types\/post"}],"author":[{"embeddable":true,"href":"https:\/\/www.ac-germania.com\/index.php?rest_route=\/wp\/v2\/users\/1"}],"replies":[{"embeddable":true,"href":"https:\/\/www.ac-germania.com\/index.php?rest_route=%2Fwp%2Fv2%2Fcomments&post=2730"}],"version-history":[{"count":0,"href":"https:\/\/www.ac-germania.com\/index.php?rest_route=\/wp\/v2\/posts\/2730\/revisions"}],"wp:featuredmedia":[{"embeddable":true,"href":"https:\/\/www.ac-germania.com\/index.php?rest_route=\/wp\/v2\/media\/2731"}],"wp:attachment":[{"href":"https:\/\/www.ac-germania.com\/index.php?rest_route=%2Fwp%2Fv2%2Fmedia&parent=2730"}],"wp:term":[{"taxonomy":"category","embeddable":true,"href":"https:\/\/www.ac-germania.com\/index.php?rest_route=%2Fwp%2Fv2%2Fcategories&post=2730"},{"taxonomy":"post_tag","embeddable":true,"href":"https:\/\/www.ac-germania.com\/index.php?rest_route=%2Fwp%2Fv2%2Ftags&post=2730"}],"curies":[{"name":"wp","href":"https:\/\/api.w.org\/{rel}","templated":true}]}}