{"id":2709,"date":"2014-09-18T08:36:05","date_gmt":"2014-09-18T07:36:05","guid":{"rendered":"http:\/\/www.ac-germania.com\/?p=2709"},"modified":"2014-09-18T08:36:05","modified_gmt":"2014-09-18T07:36:05","slug":"vorschau-germanen-zu-gast-in-berlin","status":"publish","type":"post","link":"https:\/\/www.ac-germania.com\/?p=2709","title":{"rendered":"Vorschau: Germanen zu Gast in Berlin"},"content":{"rendered":"<p>Kommenden Samstag m\u00fcssen die Regionalligaathleten des AC Germania Artern erneut ausw\u00e4rts antreten, Gastgeber zum zweiten Duell ist der Hauptstadtclub SV Luftfahrt Berlin. Die Hauptst\u00e4dter haben bereits zwei K\u00e4mpfe absolviert, im ersten Duell konnten sie den SAV Leipzig recht deutlich mit 22:10 bezwingen, letzte Woche setzte es eine knappe 14:17 Niederlage gegen Potsdam.<\/p>\n<div id=\"attachment_2710\" style=\"width: 810px\" class=\"wp-caption alignnone\"><img loading=\"lazy\" decoding=\"async\" aria-describedby=\"caption-attachment-2710\" class=\"wp-image-2710 size-full\" src=\"https:\/\/www.ac-germania.com\/A_ACG\/wordpress\/wp-content\/uploads\/2014\/09\/2014-09-18-001.jpg\" alt=\"2014-09-18-001\" width=\"800\" height=\"481\" srcset=\"https:\/\/www.ac-germania.com\/A_ACG\/wordpress\/wp-content\/uploads\/2014\/09\/2014-09-18-001.jpg 800w, https:\/\/www.ac-germania.com\/A_ACG\/wordpress\/wp-content\/uploads\/2014\/09\/2014-09-18-001-300x180.jpg 300w, https:\/\/www.ac-germania.com\/A_ACG\/wordpress\/wp-content\/uploads\/2014\/09\/2014-09-18-001-250x150.jpg 250w, https:\/\/www.ac-germania.com\/A_ACG\/wordpress\/wp-content\/uploads\/2014\/09\/2014-09-18-001-150x90.jpg 150w\" sizes=\"auto, (max-width: 800px) 100vw, 800px\" \/><p id=\"caption-attachment-2710\" class=\"wp-caption-text\">So wie Tim Walther im Kampf gegen Frankfurt wollen die Germanen am Samstag auch in Berlin jubeln.<\/p><\/div>\n<p>Die Arterner Anh\u00e4nger erinnern sich bestimmt noch genau an den Regionalligaauftakt im August 2012 als der SV Luftfahrt gespickt mit einigen Bundesligaathleten den ersten Kampf auf der Freilichtb\u00fchne souver\u00e4n f\u00fcr sich entschied und den Saisonstart der Germanen damit m\u00e4chtig versaute. Einzig Stephan Knopf (60kg\/GR) und Juan Nguyen (74kg\/FR) sicherten damals die Einzelsiege. In der R\u00fcckrunde kam es dann in Berlin zu einem gleichwertigen Vergleich welchen der ACG mit 26:12 f\u00fcr sich entscheiden konnte.<\/p>\n<p>Aktuell hat der SV Luftfahrt keine Bundesligamannschaft mehr, mit Lukasz Dublinowski und Pawel Szwenk stehen in den oberen Gewichtsklassen aber noch zwei Akteure aus dem Bundesligateam zur Verf\u00fcgung. Auch der restliche Kader ist sehr ausgeglichen aufgestellt und besteht vorwiegend aus jungen Sportlern.<\/p>\n<p>F\u00fcr ACG-Coach Michael Getschmann ist die Marschrichtung klar: <em>\u201eWir haben immer noch nicht alle Sportler an Board, trotz einiger Ausf\u00e4lle wollen wir aber erneut Punkten um dann voll motiviert in den Spitzenkampf gegen Potsdam gehen zu k\u00f6nnen. Die Berliner haben einen starken Kader aber ich traue meinem Team den Sieg zu.\u201c<\/em><\/p>\n<p><a href=\"http:\/\/luftfahrt-ringen.de\/index.php\/luftfahrt-ringen.html\" target=\"_blank\">&gt;&gt; Hier gehts zum Internetauftritt des SV Luftfahrt Berlin<\/a><\/p>\n<p>Die Adresse f\u00fcr alle die das Team in Berlin unterst\u00fctzen m\u00f6chten:<\/p>\n<p><strong>Sportzentrum Adlershof<\/strong><br \/>\n<strong>Merlitzstr. 16 &#8211; 18<\/strong><br \/>\n<strong>12489 Berlin &#8211; Adlershof<\/strong><\/p>\n<p><span style=\"color: #ff0000;\"><strong>Kampfbeginn ist bereits 18:30 Uhr!<\/strong><\/span><\/p>\n<p><iframe loading=\"lazy\" style=\"border: 0;\" src=\"https:\/\/www.google.com\/maps\/embed?pb=!1m29!1m12!1m3!1d1259625.5967312474!2d11.317277751389131!3d51.930191537822566!2m3!1f0!2f0!3f0!3m2!1i1024!2i768!4f13.1!4m14!1i0!3e6!4m5!1s0x47a4368d4a7715d7%3A0x4208ec174355890!2sArtern%2FUnstrut!3m2!1d51.3673649!2d11.295485399999999!4m5!1s0x47a8462f7a4fe23f%3A0x3128ebe7f5e06c82!2sMerlitzstra%C3%9Fe+16%2C+12489+Berlin!3m2!1d52.4334382!2d13.5346034!5e0!3m2!1sde!2sde!4v1410790660919\" width=\"800\" height=\"600\" frameborder=\"0\"><\/iframe><\/p>\n","protected":false},"excerpt":{"rendered":"<p>Kommenden Samstag m\u00fcssen die Regionalligaathleten des AC Germania Artern erneut ausw\u00e4rts antreten, Gastgeber zum zweiten Duell ist der Hauptstadtclub SV Luftfahrt Berlin. Die Hauptst\u00e4dter haben bereits zwei K\u00e4mpfe absolviert, im ersten Duell konnten sie den SAV Leipzig recht deutlich mit 22:10 bezwingen, letzte Woche setzte es eine knappe 14:17 Niederlage \u2026 <a class=\"continue-reading-link\" href=\"https:\/\/www.ac-germania.com\/?p=2709\">Weiterlesen <span class=\"meta-nav\">&rarr; <\/span><\/a><\/p>\n","protected":false},"author":1,"featured_media":2710,"comment_status":"open","ping_status":"open","sticky":false,"template":"","format":"standard","meta":{"footnotes":""},"categories":[7],"tags":[],"class_list":["post-2709","post","type-post","status-publish","format-standard","has-post-thumbnail","hentry","category-news-2014"],"_links":{"self":[{"href":"https:\/\/www.ac-germania.com\/index.php?rest_route=\/wp\/v2\/posts\/2709","targetHints":{"allow":["GET"]}}],"collection":[{"href":"https:\/\/www.ac-germania.com\/index.php?rest_route=\/wp\/v2\/posts"}],"about":[{"href":"https:\/\/www.ac-germania.com\/index.php?rest_route=\/wp\/v2\/types\/post"}],"author":[{"embeddable":true,"href":"https:\/\/www.ac-germania.com\/index.php?rest_route=\/wp\/v2\/users\/1"}],"replies":[{"embeddable":true,"href":"https:\/\/www.ac-germania.com\/index.php?rest_route=%2Fwp%2Fv2%2Fcomments&post=2709"}],"version-history":[{"count":0,"href":"https:\/\/www.ac-germania.com\/index.php?rest_route=\/wp\/v2\/posts\/2709\/revisions"}],"wp:featuredmedia":[{"embeddable":true,"href":"https:\/\/www.ac-germania.com\/index.php?rest_route=\/wp\/v2\/media\/2710"}],"wp:attachment":[{"href":"https:\/\/www.ac-germania.com\/index.php?rest_route=%2Fwp%2Fv2%2Fmedia&parent=2709"}],"wp:term":[{"taxonomy":"category","embeddable":true,"href":"https:\/\/www.ac-germania.com\/index.php?rest_route=%2Fwp%2Fv2%2Fcategories&post=2709"},{"taxonomy":"post_tag","embeddable":true,"href":"https:\/\/www.ac-germania.com\/index.php?rest_route=%2Fwp%2Fv2%2Ftags&post=2709"}],"curies":[{"name":"wp","href":"https:\/\/api.w.org\/{rel}","templated":true}]}}