{"id":2705,"date":"2014-09-16T10:21:27","date_gmt":"2014-09-16T09:21:27","guid":{"rendered":"http:\/\/www.ac-germania.com\/?p=2705"},"modified":"2014-09-16T10:21:27","modified_gmt":"2014-09-16T09:21:27","slug":"50-geburtstag-von-unserem-beliebten-fan-calmund","status":"publish","type":"post","link":"https:\/\/www.ac-germania.com\/?p=2705","title":{"rendered":"50. Geburtstag von unserem beliebten Fan \u201eCalmund\u201c"},"content":{"rendered":"<p>Uwe Schulz feierte am 4. September seinen 50. Geburtstag. Hierzu hatte er neben Familie und Freunden auch die Germanen zu seiner gem\u00fctlichen Feier ins Anglerheim eingeladen. Gern kam man der Einladung nach Sch\u00f6nfeld nach, wei\u00df man doch im Arterner Ringerlager, was man an \u201eCalmund\u201c hat. Er geh\u00f6rt seit Jahren zu den treuesten Fans und flei\u00dfigten Unterst\u00fctzern der Arterner M\u00e4nnermannschaft. Ausw\u00e4rts findet man ihn nicht nur als kompeteten Wegweiser auf dem Fahrersitz, sondern auch am Tisch neben dem Wettkampfgericht. Mit Enthusiasmus \u00fcberwacht er die Wettkampfordnung und notiert sich Ergebnisse und dazugeh\u00f6rige Ringk\u00e4mpfer. Eben immer als eine kleine Gedankenst\u00fctze f\u00fcr kommende Aufgaben und Begegnungen.<\/p>\n<div id=\"attachment_2706\" style=\"width: 810px\" class=\"wp-caption alignnone\"><img loading=\"lazy\" decoding=\"async\" aria-describedby=\"caption-attachment-2706\" class=\"wp-image-2706 size-full\" src=\"https:\/\/www.ac-germania.com\/A_ACG\/wordpress\/wp-content\/uploads\/2014\/09\/2014-09-16-001.jpg\" alt=\"2014-09-16-001\" width=\"800\" height=\"1001\" srcset=\"https:\/\/www.ac-germania.com\/A_ACG\/wordpress\/wp-content\/uploads\/2014\/09\/2014-09-16-001.jpg 800w, https:\/\/www.ac-germania.com\/A_ACG\/wordpress\/wp-content\/uploads\/2014\/09\/2014-09-16-001-239x300.jpg 239w, https:\/\/www.ac-germania.com\/A_ACG\/wordpress\/wp-content\/uploads\/2014\/09\/2014-09-16-001-119x150.jpg 119w\" sizes=\"auto, (max-width: 800px) 100vw, 800px\" \/><p id=\"caption-attachment-2706\" class=\"wp-caption-text\">So kennen ihn die Arterner Fans, Uwe Schulz steht seit Jahren hinter dem Team und unterst\u00fctzt wo er kann!<\/p><\/div>\n<p>Auf diesen Wege danken wir f\u00fcr die fortw\u00e4hrende Unterst\u00fctzung und w\u00fcnschen nochmals alles Gute, vor allem Gesundheit, Wohlergehen und Schaffenskraft! Wir freuen uns auf viele weitere gemeinsame Erlebnisse und Wettk\u00e4mpfe mit Uwe!<\/p>\n<div id=\"attachment_2707\" style=\"width: 810px\" class=\"wp-caption alignnone\"><img loading=\"lazy\" decoding=\"async\" aria-describedby=\"caption-attachment-2707\" class=\"wp-image-2707 size-full\" src=\"https:\/\/www.ac-germania.com\/A_ACG\/wordpress\/wp-content\/uploads\/2014\/09\/2014-09-16-002.jpg\" alt=\"2014-09-16-002\" width=\"800\" height=\"547\" srcset=\"https:\/\/www.ac-germania.com\/A_ACG\/wordpress\/wp-content\/uploads\/2014\/09\/2014-09-16-002.jpg 800w, https:\/\/www.ac-germania.com\/A_ACG\/wordpress\/wp-content\/uploads\/2014\/09\/2014-09-16-002-300x205.jpg 300w, https:\/\/www.ac-germania.com\/A_ACG\/wordpress\/wp-content\/uploads\/2014\/09\/2014-09-16-002-150x102.jpg 150w\" sizes=\"auto, (max-width: 800px) 100vw, 800px\" \/><p id=\"caption-attachment-2707\" class=\"wp-caption-text\">Zum Geburtstag gabs vom ACG eine Bildcollage.<\/p><\/div>\n","protected":false},"excerpt":{"rendered":"<p>Uwe Schulz feierte am 4. September seinen 50. Geburtstag. Hierzu hatte er neben Familie und Freunden auch die Germanen zu seiner gem\u00fctlichen Feier ins Anglerheim eingeladen. Gern kam man der Einladung nach Sch\u00f6nfeld nach, wei\u00df man doch im Arterner Ringerlager, was man an \u201eCalmund\u201c hat. Er geh\u00f6rt seit Jahren zu \u2026 <a class=\"continue-reading-link\" href=\"https:\/\/www.ac-germania.com\/?p=2705\">Weiterlesen <span class=\"meta-nav\">&rarr; <\/span><\/a><\/p>\n","protected":false},"author":1,"featured_media":2706,"comment_status":"open","ping_status":"open","sticky":false,"template":"","format":"standard","meta":{"footnotes":""},"categories":[7],"tags":[],"class_list":["post-2705","post","type-post","status-publish","format-standard","has-post-thumbnail","hentry","category-news-2014"],"_links":{"self":[{"href":"https:\/\/www.ac-germania.com\/index.php?rest_route=\/wp\/v2\/posts\/2705","targetHints":{"allow":["GET"]}}],"collection":[{"href":"https:\/\/www.ac-germania.com\/index.php?rest_route=\/wp\/v2\/posts"}],"about":[{"href":"https:\/\/www.ac-germania.com\/index.php?rest_route=\/wp\/v2\/types\/post"}],"author":[{"embeddable":true,"href":"https:\/\/www.ac-germania.com\/index.php?rest_route=\/wp\/v2\/users\/1"}],"replies":[{"embeddable":true,"href":"https:\/\/www.ac-germania.com\/index.php?rest_route=%2Fwp%2Fv2%2Fcomments&post=2705"}],"version-history":[{"count":0,"href":"https:\/\/www.ac-germania.com\/index.php?rest_route=\/wp\/v2\/posts\/2705\/revisions"}],"wp:featuredmedia":[{"embeddable":true,"href":"https:\/\/www.ac-germania.com\/index.php?rest_route=\/wp\/v2\/media\/2706"}],"wp:attachment":[{"href":"https:\/\/www.ac-germania.com\/index.php?rest_route=%2Fwp%2Fv2%2Fmedia&parent=2705"}],"wp:term":[{"taxonomy":"category","embeddable":true,"href":"https:\/\/www.ac-germania.com\/index.php?rest_route=%2Fwp%2Fv2%2Fcategories&post=2705"},{"taxonomy":"post_tag","embeddable":true,"href":"https:\/\/www.ac-germania.com\/index.php?rest_route=%2Fwp%2Fv2%2Ftags&post=2705"}],"curies":[{"name":"wp","href":"https:\/\/api.w.org\/{rel}","templated":true}]}}