{"id":2700,"date":"2014-09-15T10:14:25","date_gmt":"2014-09-15T09:14:25","guid":{"rendered":"http:\/\/www.ac-germania.com\/?p=2700"},"modified":"2014-09-15T10:14:25","modified_gmt":"2014-09-15T09:14:25","slug":"rainer-helm-besucht-vereinsarchiv","status":"publish","type":"post","link":"https:\/\/www.ac-germania.com\/?p=2700","title":{"rendered":"Rainer Helm besucht Vereinsarchiv"},"content":{"rendered":"<p>Am 27. August hatte das Archivteam \u00fcberraschenden Besuch. Rainer Helm, einer der erfolgreichsten Ringk\u00e4mpfer in den Reihen der Germanen, besuchte das Arterner Ringerarchiv. In den 60ziger Jahren begann als Kind schon seine erfolgreiche Ringerkarriere, welche sich nach zahlreichen Spartakiadeerfolgen auf Kreis- und Bezirksebene in der Abordnung zur Sportschule nach Leipzig Anfang der 70ziger Jahre fortsetzte. Mit Erfolgen bei nationalen Meisterschaften, aber auch Teilnahmen an internationalen Turnieren und der Europameisterschaft der Junioren 1972 konnte er seine positive Bilanz weiter erg\u00e4nzen. Bis in die 80ziger Jahre war er als aktiver Ringk\u00e4mpfer auch f\u00fcr die Arterner Oberligamannschaft immer ein sicherer Posten. Parallel zu den Mannschaftsk\u00e4mpfen gab er seine Erfahrungen als Trainer im TZ Leipzig weiter. Dem Sport ist er bis heute verbunden geblieben.<\/p>\n<div id=\"attachment_2701\" style=\"width: 810px\" class=\"wp-caption alignnone\"><img loading=\"lazy\" decoding=\"async\" aria-describedby=\"caption-attachment-2701\" class=\"size-full wp-image-2701\" src=\"https:\/\/www.ac-germania.com\/A_ACG\/wordpress\/wp-content\/uploads\/2014\/09\/2014-09-15-001.jpg\" alt=\"Manja Braunsdorf und Rainer Helm mit einigen Troph\u00e4en.\" width=\"800\" height=\"583\" srcset=\"https:\/\/www.ac-germania.com\/A_ACG\/wordpress\/wp-content\/uploads\/2014\/09\/2014-09-15-001.jpg 800w, https:\/\/www.ac-germania.com\/A_ACG\/wordpress\/wp-content\/uploads\/2014\/09\/2014-09-15-001-300x218.jpg 300w, https:\/\/www.ac-germania.com\/A_ACG\/wordpress\/wp-content\/uploads\/2014\/09\/2014-09-15-001-150x109.jpg 150w\" sizes=\"auto, (max-width: 800px) 100vw, 800px\" \/><p id=\"caption-attachment-2701\" class=\"wp-caption-text\">Manja Braunsdorf und Rainer Helm mit einigen Troph\u00e4en.<\/p><\/div>\n<p>Bei seinem Besuch sorgte er f\u00fcr eine echte Bereicherung des kleinen \u201eMuseumsbestandes\u201c. Er \u00fcbergab eine Auswahl seiner pers\u00f6nlichen Urkunden und Medaillen aus seiner aktiven Ringkampfzeit.<\/p>\n<p><img loading=\"lazy\" decoding=\"async\" class=\"alignnone size-full wp-image-2702\" src=\"https:\/\/www.ac-germania.com\/A_ACG\/wordpress\/wp-content\/uploads\/2014\/09\/2014-09-15-003.jpg\" alt=\"2014-09-15-003\" width=\"800\" height=\"707\" srcset=\"https:\/\/www.ac-germania.com\/A_ACG\/wordpress\/wp-content\/uploads\/2014\/09\/2014-09-15-003.jpg 800w, https:\/\/www.ac-germania.com\/A_ACG\/wordpress\/wp-content\/uploads\/2014\/09\/2014-09-15-003-300x265.jpg 300w, https:\/\/www.ac-germania.com\/A_ACG\/wordpress\/wp-content\/uploads\/2014\/09\/2014-09-15-003-150x132.jpg 150w\" sizes=\"auto, (max-width: 800px) 100vw, 800px\" \/><\/p>\n<p>Ehe sich Rainer Helm zu seiner Familie nach Sch\u00f6nfeld aufmachte, durchst\u00f6berte er einige Ordner im Archiv, sprach mit dem Archivteam \u00fcber so manches Erlebnis aus der aktiven Zeit und bestaunte die Vitrinen. Seine Ausstellungsst\u00fccke werden hier einen w\u00fcrdigen Platz finden und das Archiv individuell erg\u00e4nzen.<\/p>\n<div id=\"attachment_2703\" style=\"width: 810px\" class=\"wp-caption alignnone\"><img loading=\"lazy\" decoding=\"async\" aria-describedby=\"caption-attachment-2703\" class=\"wp-image-2703 size-full\" src=\"https:\/\/www.ac-germania.com\/A_ACG\/wordpress\/wp-content\/uploads\/2014\/09\/2014-09-15-002.jpg\" alt=\"2014-09-15-002\" width=\"800\" height=\"590\" srcset=\"https:\/\/www.ac-germania.com\/A_ACG\/wordpress\/wp-content\/uploads\/2014\/09\/2014-09-15-002.jpg 800w, https:\/\/www.ac-germania.com\/A_ACG\/wordpress\/wp-content\/uploads\/2014\/09\/2014-09-15-002-300x221.jpg 300w, https:\/\/www.ac-germania.com\/A_ACG\/wordpress\/wp-content\/uploads\/2014\/09\/2014-09-15-002-150x110.jpg 150w\" sizes=\"auto, (max-width: 800px) 100vw, 800px\" \/><p id=\"caption-attachment-2703\" class=\"wp-caption-text\">Rainer Helm 1976 bei einem Kampf im Arterner Hotel.<\/p><\/div>\n","protected":false},"excerpt":{"rendered":"<p>Am 27. August hatte das Archivteam \u00fcberraschenden Besuch. Rainer Helm, einer der erfolgreichsten Ringk\u00e4mpfer in den Reihen der Germanen, besuchte das Arterner Ringerarchiv. In den 60ziger Jahren begann als Kind schon seine erfolgreiche Ringerkarriere, welche sich nach zahlreichen Spartakiadeerfolgen auf Kreis- und Bezirksebene in der Abordnung zur Sportschule nach Leipzig \u2026 <a class=\"continue-reading-link\" href=\"https:\/\/www.ac-germania.com\/?p=2700\">Weiterlesen <span class=\"meta-nav\">&rarr; <\/span><\/a><\/p>\n","protected":false},"author":1,"featured_media":2701,"comment_status":"open","ping_status":"open","sticky":false,"template":"","format":"standard","meta":{"footnotes":""},"categories":[7],"tags":[],"class_list":["post-2700","post","type-post","status-publish","format-standard","has-post-thumbnail","hentry","category-news-2014"],"_links":{"self":[{"href":"https:\/\/www.ac-germania.com\/index.php?rest_route=\/wp\/v2\/posts\/2700","targetHints":{"allow":["GET"]}}],"collection":[{"href":"https:\/\/www.ac-germania.com\/index.php?rest_route=\/wp\/v2\/posts"}],"about":[{"href":"https:\/\/www.ac-germania.com\/index.php?rest_route=\/wp\/v2\/types\/post"}],"author":[{"embeddable":true,"href":"https:\/\/www.ac-germania.com\/index.php?rest_route=\/wp\/v2\/users\/1"}],"replies":[{"embeddable":true,"href":"https:\/\/www.ac-germania.com\/index.php?rest_route=%2Fwp%2Fv2%2Fcomments&post=2700"}],"version-history":[{"count":0,"href":"https:\/\/www.ac-germania.com\/index.php?rest_route=\/wp\/v2\/posts\/2700\/revisions"}],"wp:featuredmedia":[{"embeddable":true,"href":"https:\/\/www.ac-germania.com\/index.php?rest_route=\/wp\/v2\/media\/2701"}],"wp:attachment":[{"href":"https:\/\/www.ac-germania.com\/index.php?rest_route=%2Fwp%2Fv2%2Fmedia&parent=2700"}],"wp:term":[{"taxonomy":"category","embeddable":true,"href":"https:\/\/www.ac-germania.com\/index.php?rest_route=%2Fwp%2Fv2%2Fcategories&post=2700"},{"taxonomy":"post_tag","embeddable":true,"href":"https:\/\/www.ac-germania.com\/index.php?rest_route=%2Fwp%2Fv2%2Ftags&post=2700"}],"curies":[{"name":"wp","href":"https:\/\/api.w.org\/{rel}","templated":true}]}}