{"id":2682,"date":"2014-09-11T08:24:53","date_gmt":"2014-09-11T07:24:53","guid":{"rendered":"http:\/\/www.ac-germania.com\/?p=2682"},"modified":"2014-09-11T08:24:53","modified_gmt":"2014-09-11T07:24:53","slug":"endlich-gehts-los-acg-startet-am-samstag-in-die-neue-regionalligasaison","status":"publish","type":"post","link":"https:\/\/www.ac-germania.com\/?p=2682","title":{"rendered":"Endlich geht\u2019s los \u2013 ACG startet am Samstag in die neue Regionalligasaison"},"content":{"rendered":"<p>Nachdem die anderen Teams bereits letzte Woche ihre ersten K\u00e4mpfe in der Regionalliga Mitteldeutschland bestritten haben (<strong>RCG Potsdam vs RSV Hansa Frankfurt 21:14<\/strong> &amp; <strong>SVL Berlin vs SAV Leipzig 22:10<\/strong>) greifen nun erstmals die Germanen ins Wettkampfgeschehen der Gruppe B ein.<\/p>\n<div id=\"attachment_2683\" style=\"width: 810px\" class=\"wp-caption alignnone\"><img loading=\"lazy\" decoding=\"async\" aria-describedby=\"caption-attachment-2683\" class=\"wp-image-2683 size-full\" src=\"https:\/\/www.ac-germania.com\/A_ACG\/wordpress\/wp-content\/uploads\/2014\/09\/2014-09-11-001.jpg\" alt=\"Der Tscheche Jan Ziska k\u00f6nnte in Frankfurt erstmal im ACG-Trikot auf die Matte gehen.\" width=\"800\" height=\"364\" srcset=\"https:\/\/www.ac-germania.com\/A_ACG\/wordpress\/wp-content\/uploads\/2014\/09\/2014-09-11-001.jpg 800w, https:\/\/www.ac-germania.com\/A_ACG\/wordpress\/wp-content\/uploads\/2014\/09\/2014-09-11-001-300x136.jpg 300w, https:\/\/www.ac-germania.com\/A_ACG\/wordpress\/wp-content\/uploads\/2014\/09\/2014-09-11-001-150x68.jpg 150w\" sizes=\"auto, (max-width: 800px) 100vw, 800px\" \/><p id=\"caption-attachment-2683\" class=\"wp-caption-text\">Der Tscheche Jan Ziska k\u00f6nnte in Frankfurt erstmals im ACG-Trikot auf die Matte gehen.<\/p><\/div>\n<p>Im ersten Kampf wartet das junge Team um den Ex-Arterner Publikumsliebling Felix Th\u00e4tner vom RSV Hansa 90 Frankfurt\/Oder auf die Germanen. Der Frankfurter Kader besteht zum gr\u00f6\u00dften Teil aus jungen Sportsch\u00fclern der St\u00fctzpunkte Frankfurt und Luckenwalde. <strong>Das da einige starke Talente dabei sind wei\u00df auch Germanen-Coach Michael Getschmann:<\/strong> <em>\u201eDie junge Truppe von Felix Th\u00e4tner hat gro\u00dfes Potenzial und ist keineswegs zu untersch\u00e4tzen.\u201c<\/em><\/p>\n<p>In der letzten Saison erk\u00e4mpften sich die Frankfurter in der Staffel A den dritten Platz und gewannen anschlie\u00dfend knapp im Finale um Platz 5\/6 gegen das Team vom SAV Leipzig.<\/p>\n<p><strong>Sein bestes Team wird Getschmann zur Saisoner\u00f6ffnung dennoch nicht auf die Matte bringen k\u00f6nnen, derzeit gibt es noch einige verletzte Athleten im Kader.<\/strong> <em>\u201eWir werden das Beste aus der Situation machen und trotz einiger Ausf\u00e4lle ein starkes Team aufbieten.\u201c<\/em> gab der Germanencoach nach dem Dienstagstraining zu verstehen.<\/p>\n<p>Das der ACG nach der erfolgreichen letzten Saison und den hochkar\u00e4tigen Neuzug\u00e4ngen die Favoritenrolle in der Regionalliga innehat, ist nicht verwunderlich aber f\u00fcr die Germanen keinesfalls selbstverst\u00e4ndlich. <em>\u201eWir m\u00fcssen alle Teams ernst nehmen, vor allem Potsdam hat mit 26 Athleten einen starken Kader und avisiert ebenso wie wir den Staffelsieg an. Au\u00dferdem kommt es auch immer auf die Tagesform an und nat\u00fcrlich m\u00fcssen auch alle verletzungsfrei bleiben.\u201c<\/em> schaut Michael Getschmann voraus.<\/p>\n<p>Im Gegensatz zum letzten Jahr gibt es in dieser Saison nach der ersten Gruppenphase keine Playoffk\u00e4mpfe sondern eine weitere Meisterschaftsrunde wo die ersten drei Teams aus jeder Staffel den Regionalligameister und Aufsteiger in die 2. Bundesliga ausk\u00e4mpfen. <strong>Au\u00dferdem m\u00fcssen sich die Athleten und Zuschauer erneut mit einem leicht abge\u00e4nderten Regelwerk sowie neuen Gewichtsklassen (57, 61, 66, 75, 86, 98 und 130kg) anfreunden.<\/strong><\/p>\n<p>Auf den ersten Heimkampf d\u00fcrfen sich die ACG-Fans am 27.09. freuen, Gegner wird dann das Team aus Potsdam sein.<\/p>\n","protected":false},"excerpt":{"rendered":"<p>Nachdem die anderen Teams bereits letzte Woche ihre ersten K\u00e4mpfe in der Regionalliga Mitteldeutschland bestritten haben (RCG Potsdam vs RSV Hansa Frankfurt 21:14 &amp; SVL Berlin vs SAV Leipzig 22:10) greifen nun erstmals die Germanen ins Wettkampfgeschehen der Gruppe B ein. Im ersten Kampf wartet das junge Team um den \u2026 <a class=\"continue-reading-link\" href=\"https:\/\/www.ac-germania.com\/?p=2682\">Weiterlesen <span class=\"meta-nav\">&rarr; <\/span><\/a><\/p>\n","protected":false},"author":1,"featured_media":2683,"comment_status":"open","ping_status":"open","sticky":false,"template":"","format":"standard","meta":{"footnotes":""},"categories":[7],"tags":[],"class_list":["post-2682","post","type-post","status-publish","format-standard","has-post-thumbnail","hentry","category-news-2014"],"_links":{"self":[{"href":"https:\/\/www.ac-germania.com\/index.php?rest_route=\/wp\/v2\/posts\/2682","targetHints":{"allow":["GET"]}}],"collection":[{"href":"https:\/\/www.ac-germania.com\/index.php?rest_route=\/wp\/v2\/posts"}],"about":[{"href":"https:\/\/www.ac-germania.com\/index.php?rest_route=\/wp\/v2\/types\/post"}],"author":[{"embeddable":true,"href":"https:\/\/www.ac-germania.com\/index.php?rest_route=\/wp\/v2\/users\/1"}],"replies":[{"embeddable":true,"href":"https:\/\/www.ac-germania.com\/index.php?rest_route=%2Fwp%2Fv2%2Fcomments&post=2682"}],"version-history":[{"count":0,"href":"https:\/\/www.ac-germania.com\/index.php?rest_route=\/wp\/v2\/posts\/2682\/revisions"}],"wp:featuredmedia":[{"embeddable":true,"href":"https:\/\/www.ac-germania.com\/index.php?rest_route=\/wp\/v2\/media\/2683"}],"wp:attachment":[{"href":"https:\/\/www.ac-germania.com\/index.php?rest_route=%2Fwp%2Fv2%2Fmedia&parent=2682"}],"wp:term":[{"taxonomy":"category","embeddable":true,"href":"https:\/\/www.ac-germania.com\/index.php?rest_route=%2Fwp%2Fv2%2Fcategories&post=2682"},{"taxonomy":"post_tag","embeddable":true,"href":"https:\/\/www.ac-germania.com\/index.php?rest_route=%2Fwp%2Fv2%2Ftags&post=2682"}],"curies":[{"name":"wp","href":"https:\/\/api.w.org\/{rel}","templated":true}]}}