{"id":2482,"date":"2014-06-25T12:02:37","date_gmt":"2014-06-25T11:02:37","guid":{"rendered":"http:\/\/www.ac-germania.com\/?p=2482"},"modified":"2014-08-09T08:57:16","modified_gmt":"2014-08-09T07:57:16","slug":"neuzugang-jan-zizka-kommt-vom-finalgegner-rsk-gelenau","status":"publish","type":"post","link":"https:\/\/www.ac-germania.com\/?p=2482","title":{"rendered":"Neuzugang: Jan \u017di\u017eka kommt vom Finalgegner RSK Gelenau"},"content":{"rendered":"<div id=\"attachment_2483\" style=\"width: 310px\" class=\"wp-caption alignright\"><img loading=\"lazy\" decoding=\"async\" aria-describedby=\"caption-attachment-2483\" class=\"wp-image-2483 size-full\" src=\"https:\/\/www.ac-germania.com\/A_ACG\/wordpress\/wp-content\/uploads\/2014\/06\/2014-06-25-001.jpg\" alt=\"2014-06-25-001\" width=\"300\" height=\"400\" srcset=\"https:\/\/www.ac-germania.com\/A_ACG\/wordpress\/wp-content\/uploads\/2014\/06\/2014-06-25-001.jpg 300w, https:\/\/www.ac-germania.com\/A_ACG\/wordpress\/wp-content\/uploads\/2014\/06\/2014-06-25-001-225x300.jpg 225w, https:\/\/www.ac-germania.com\/A_ACG\/wordpress\/wp-content\/uploads\/2014\/06\/2014-06-25-001-112x150.jpg 112w\" sizes=\"auto, (max-width: 300px) 100vw, 300px\" \/><p id=\"caption-attachment-2483\" class=\"wp-caption-text\">Jan \u017di\u017eka | 75kg | GR<\/p><\/div>\n<p><strong>Name:<\/strong> Jan \u017di\u017eka<br \/>\n<strong>Geburtstag:<\/strong> 06.11.1990<br \/>\n<strong>Beruf:<\/strong> Student<\/p>\n<p><strong>Aktiv seit:<\/strong> 1995<br \/>\n<strong>Bisherige Vereine:<\/strong><br \/>\nRSK Gelenau<\/p>\n<p><strong>Erfolge:<\/strong><br \/>\nmehrfacher Tschechischer Meister<br \/>\n5. Platz 2. Bundesliga mit RSK Gelenau<\/p>\n<p style=\"text-align: justify;\">Den dritten Neuzugang d\u00fcrften die Germanenfans noch in guter Erinnerung haben, der Tscheche Jan \u017di\u017eka k\u00e4mpfte im Finalkampf der letzten Regionalligasaison noch f\u00fcr den sp\u00e4teren Meister und Aufsteiger RSK Gelenau. In den beiden K\u00e4mpfen hatte es Jan im Limit bis 84kg (GR) mit seinem zuk\u00fcnftigen Teamkollegen Andreas Bering zu tun wobei der Kampf in Gelenau mit 3:0 an Jan ging und Andreas in Artern mit 1:0 gewinnen konnte. In der gesamten letzten Saison musste sich Jan lediglich zweimal geschlagen geben. Beim ACG soll der sympathische Tscheche aber vorwiegend im Limit bis 75kg auf die Matte gehen, k\u00f6nnte aber auch eine Klasse h\u00f6her aushelfen.<\/p>\n<div id=\"attachment_2485\" style=\"width: 810px\" class=\"wp-caption alignright\"><img loading=\"lazy\" decoding=\"async\" aria-describedby=\"caption-attachment-2485\" class=\"wp-image-2485 size-full\" src=\"https:\/\/www.ac-germania.com\/A_ACG\/wordpress\/wp-content\/uploads\/2014\/06\/2014-06-25-003.jpg\" alt=\"2014-06-25-003\" width=\"800\" height=\"416\" srcset=\"https:\/\/www.ac-germania.com\/A_ACG\/wordpress\/wp-content\/uploads\/2014\/06\/2014-06-25-003.jpg 800w, https:\/\/www.ac-germania.com\/A_ACG\/wordpress\/wp-content\/uploads\/2014\/06\/2014-06-25-003-300x156.jpg 300w, https:\/\/www.ac-germania.com\/A_ACG\/wordpress\/wp-content\/uploads\/2014\/06\/2014-06-25-003-150x78.jpg 150w, https:\/\/www.ac-germania.com\/A_ACG\/wordpress\/wp-content\/uploads\/2014\/06\/2014-06-25-003-700x364.jpg 700w\" sizes=\"auto, (max-width: 800px) 100vw, 800px\" \/><p id=\"caption-attachment-2485\" class=\"wp-caption-text\">Diese Position wollen die Arterner Fans diese Saison m\u00f6glichst oft sehen.<\/p><\/div>\n<p style=\"text-align: justify;\">Bereits mit seinem f\u00fcnften Lebensjahr hat Jan mit Ringen begonnen, seit 2007 k\u00e4mpft er in den deutschen Ligen f\u00fcr den RSK Gelenau. Dort z\u00e4hlte er anfangs in der Gewichtsklasse bis 66kg zum Stammkader in der 2. Bundesliga (2007-2010). In der Oberliga Sachsen und sp\u00e4ter in der Regionalliga z\u00e4hlte er im Limit bis 74kg\/84kg zu den flei\u00dfigsten Punktesammlern in seinem Team. Bei Einzelmeisterschaften errang Jan in allen Altersklassen mehrfach den Titel des Tschechischen-Meisters.<\/p>\n<div id=\"attachment_2484\" style=\"width: 810px\" class=\"wp-caption alignright\"><img loading=\"lazy\" decoding=\"async\" aria-describedby=\"caption-attachment-2484\" class=\"wp-image-2484 size-full\" src=\"https:\/\/www.ac-germania.com\/A_ACG\/wordpress\/wp-content\/uploads\/2014\/06\/2014-06-25-002.jpg\" alt=\"2014-06-25-002\" width=\"800\" height=\"466\" srcset=\"https:\/\/www.ac-germania.com\/A_ACG\/wordpress\/wp-content\/uploads\/2014\/06\/2014-06-25-002.jpg 800w, https:\/\/www.ac-germania.com\/A_ACG\/wordpress\/wp-content\/uploads\/2014\/06\/2014-06-25-002-300x174.jpg 300w, https:\/\/www.ac-germania.com\/A_ACG\/wordpress\/wp-content\/uploads\/2014\/06\/2014-06-25-002-150x87.jpg 150w, https:\/\/www.ac-germania.com\/A_ACG\/wordpress\/wp-content\/uploads\/2014\/06\/2014-06-25-002-700x407.jpg 700w\" sizes=\"auto, (max-width: 800px) 100vw, 800px\" \/><p id=\"caption-attachment-2484\" class=\"wp-caption-text\">Jan (rotes Trikot) im Wurfansatz.<\/p><\/div>\n<p style=\"text-align: justify;\">Aktuell studiert Jan in Prag und wird zu den K\u00e4mpfen mit seinem Landsmann Oldrich Varga anreisen. <em>\u201eOlda hat nur gutes aus Artern zu berichten gehabt und die Stimmung zum Finalkampf fand ich \u00fcberragend, da fiel mir die Entscheidung zum Wechsel nicht schwer. Ich w\u00fcnsche meinen alten Team nat\u00fcrlich alles Gute in der 2. Liga.\u201c<\/em><\/p>\n<p style=\"text-align: justify;\"><strong>Auch Germanencoach Michael Getschmann freut sich \u00fcber seinen weiteren Neuzugang.<\/strong> <em>\u201eMit ihm sind wir in den Klassen 75kg und 86kg noch variabler und damit unberechenbarer f\u00fcr unsere Gegner, au\u00dferdem hat mir seine clevere Kampfweise im Finalkampf sehr gefallen.\u201c<\/em><\/p>\n<h3 style=\"text-align: justify;\"><strong>Der AC Germania begr\u00fc\u00dft Jan herzlich in Artern und w\u00fcnscht ihm alles Gute in seiner ersten Saison!<\/strong><\/h3>\n","protected":false},"excerpt":{"rendered":"<p>Name: Jan \u017di\u017eka Geburtstag: 06.11.1990 Beruf: Student Aktiv seit: 1995 Bisherige Vereine: RSK Gelenau Erfolge: mehrfacher Tschechischer Meister 5. Platz 2. Bundesliga mit RSK Gelenau Den dritten Neuzugang d\u00fcrften die Germanenfans noch in guter Erinnerung haben, der Tscheche Jan \u017di\u017eka k\u00e4mpfte im Finalkampf der letzten Regionalligasaison noch f\u00fcr den sp\u00e4teren \u2026 <a class=\"continue-reading-link\" href=\"https:\/\/www.ac-germania.com\/?p=2482\">Weiterlesen <span class=\"meta-nav\">&rarr; <\/span><\/a><\/p>\n","protected":false},"author":1,"featured_media":2485,"comment_status":"open","ping_status":"open","sticky":false,"template":"","format":"standard","meta":{"footnotes":""},"categories":[7],"tags":[],"class_list":["post-2482","post","type-post","status-publish","format-standard","has-post-thumbnail","hentry","category-news-2014"],"_links":{"self":[{"href":"https:\/\/www.ac-germania.com\/index.php?rest_route=\/wp\/v2\/posts\/2482","targetHints":{"allow":["GET"]}}],"collection":[{"href":"https:\/\/www.ac-germania.com\/index.php?rest_route=\/wp\/v2\/posts"}],"about":[{"href":"https:\/\/www.ac-germania.com\/index.php?rest_route=\/wp\/v2\/types\/post"}],"author":[{"embeddable":true,"href":"https:\/\/www.ac-germania.com\/index.php?rest_route=\/wp\/v2\/users\/1"}],"replies":[{"embeddable":true,"href":"https:\/\/www.ac-germania.com\/index.php?rest_route=%2Fwp%2Fv2%2Fcomments&post=2482"}],"version-history":[{"count":0,"href":"https:\/\/www.ac-germania.com\/index.php?rest_route=\/wp\/v2\/posts\/2482\/revisions"}],"wp:featuredmedia":[{"embeddable":true,"href":"https:\/\/www.ac-germania.com\/index.php?rest_route=\/wp\/v2\/media\/2485"}],"wp:attachment":[{"href":"https:\/\/www.ac-germania.com\/index.php?rest_route=%2Fwp%2Fv2%2Fmedia&parent=2482"}],"wp:term":[{"taxonomy":"category","embeddable":true,"href":"https:\/\/www.ac-germania.com\/index.php?rest_route=%2Fwp%2Fv2%2Fcategories&post=2482"},{"taxonomy":"post_tag","embeddable":true,"href":"https:\/\/www.ac-germania.com\/index.php?rest_route=%2Fwp%2Fv2%2Ftags&post=2482"}],"curies":[{"name":"wp","href":"https:\/\/api.w.org\/{rel}","templated":true}]}}