{"id":2452,"date":"2014-06-17T10:41:45","date_gmt":"2014-06-17T09:41:45","guid":{"rendered":"http:\/\/www.ac-germania.com\/?p=2452"},"modified":"2014-08-09T08:56:33","modified_gmt":"2014-08-09T07:56:33","slug":"neuzugang-marco-scherf-kommt-vom-kfc-leipzig-nach-artern","status":"publish","type":"post","link":"https:\/\/www.ac-germania.com\/?p=2452","title":{"rendered":"Neuzugang: Marco Scherf kommt vom KFC Leipzig nach Artern"},"content":{"rendered":"<div id=\"attachment_2455\" style=\"width: 310px\" class=\"wp-caption alignright\"><img loading=\"lazy\" decoding=\"async\" aria-describedby=\"caption-attachment-2455\" class=\"wp-image-2455 size-full\" src=\"https:\/\/www.ac-germania.com\/A_ACG\/wordpress\/wp-content\/uploads\/2014\/06\/2014-06-17-001.jpg\" alt=\"2014-06-17-001\" width=\"300\" height=\"400\" srcset=\"https:\/\/www.ac-germania.com\/A_ACG\/wordpress\/wp-content\/uploads\/2014\/06\/2014-06-17-001.jpg 300w, https:\/\/www.ac-germania.com\/A_ACG\/wordpress\/wp-content\/uploads\/2014\/06\/2014-06-17-001-225x300.jpg 225w, https:\/\/www.ac-germania.com\/A_ACG\/wordpress\/wp-content\/uploads\/2014\/06\/2014-06-17-001-112x150.jpg 112w\" sizes=\"auto, (max-width: 300px) 100vw, 300px\" \/><p id=\"caption-attachment-2455\" class=\"wp-caption-text\">Marco Scherf | 66kg | GR<\/p><\/div>\n<p><strong>Name:<\/strong> Marco Scherf<br \/>\n<strong>Geburtstag:<\/strong> 01.09.1991<br \/>\n<strong>Beruf:<\/strong> Bankkaufmann<\/p>\n<p><strong>Aktiv seit:<\/strong> 1997<br \/>\n<strong>Bisherige Vereine:<\/strong><br \/>\nSAV Leipzig, AC Taucha, KFC Leipzig<\/p>\n<p><strong>Erfolge:<\/strong><br \/>\n2009 | 3. Deutscher Meister<br \/>\n2010 | 4. Deutscher Meister<br \/>\n2011 | 4. Deutscher Meister<br \/>\nmehrfacher Landes-\/Mitteldeutscher Meister<br \/>\nStammkader 1. &amp; 2. Bundesliga KFC Leipzig<\/p>\n<p style=\"text-align: justify;\">Marco kann trotz seines jungen Alters bereits auf eine beachtliche sportliche Laufbahn zur\u00fcckblicken, von der Landesliga Sachsen bis hin zur 1. Bundesliga hat er bereits Erfahrungen sammeln k\u00f6nnen. Begonnen hat der sympathische Leipziger beim SAV Leipzig\/Gro\u00dflehna, wo auch sein neuer Mannschaftskamerad Andreas Bering seine Wurzeln hat. Dort z\u00e4hlte Marco gleich von Beginn an zu den Topscorern womit er sich auch bei anderen Vereinen interessant machte. Seine zweite Station war dann der AC Taucha, auch hier musste er sich in der Regionalliga kaum geschlagen geben. Nach der Fusion mit dem KFC Leipzig ging es dann f\u00fcr Marco in der zweiten Bundesliga weiter wo ihm 2012 der Aufstieg in die beste Liga der Welt gelang. 2010 bis 2013 z\u00e4hlte er zum Stammkader der Leipziger und konnte in den beiden h\u00f6chsten Ligen einige Siege erk\u00e4mpfen.<\/p>\n<div id=\"attachment_2461\" style=\"width: 810px\" class=\"wp-caption alignnone\"><img loading=\"lazy\" decoding=\"async\" aria-describedby=\"caption-attachment-2461\" class=\"wp-image-2461 size-full\" src=\"https:\/\/www.ac-germania.com\/A_ACG\/wordpress\/wp-content\/uploads\/2014\/06\/2014-06-17-002.jpg\" alt=\"2014-06-17-002\" width=\"800\" height=\"452\" srcset=\"https:\/\/www.ac-germania.com\/A_ACG\/wordpress\/wp-content\/uploads\/2014\/06\/2014-06-17-002.jpg 800w, https:\/\/www.ac-germania.com\/A_ACG\/wordpress\/wp-content\/uploads\/2014\/06\/2014-06-17-002-300x169.jpg 300w, https:\/\/www.ac-germania.com\/A_ACG\/wordpress\/wp-content\/uploads\/2014\/06\/2014-06-17-002-150x84.jpg 150w, https:\/\/www.ac-germania.com\/A_ACG\/wordpress\/wp-content\/uploads\/2014\/06\/2014-06-17-002-700x395.jpg 700w\" sizes=\"auto, (max-width: 800px) 100vw, 800px\" \/><p id=\"caption-attachment-2461\" class=\"wp-caption-text\">Marco (blau) bei einem Bundesligakampf in Aktion.<\/p><\/div>\n<p><strong>Seinen gr\u00f6\u00dften Erfolg bei Einzelturnieren feierte er 2009 beim Gewinn der Bronzemedaille bei den Deutschen Meisterschaften, in den folgende beiden Jahren folgten dann jeweils zwei sehr gute vierte Pl\u00e4tze.<\/strong> Dazu kommen zahlreiche Titelgewinnen auf Landes- und Mitteldeutscher-Ebene.<\/p>\n<p>In seiner Freizeit trifft sich der gelernte Bankkaufmann am liebsten mit seinen Freunden und spielt auch gern mal eine Runde auf der Playstation. Im Germanenteam wird Marco im Limit bis 66kg GR zum Einsatz kommen und sicher nur schwer zu besiegen sein. <em>\u201eIch freue mich auf die neue Aufgabe beim ACG und werde versuchen meinen Teil dazu beizutragen das der Verein seine Ziele erreichen kann.\u201c<\/em> <strong>gab sich Marco entschlossen beim Trainingsauftakt.<\/strong><\/p>\n<p><strong>Germanencoach Michael Getschmann freute sich ebenso \u00fcber seinen neuen Sch\u00fctzling:<\/strong> <em>\u201eMarco passt mit seiner offenen Art und seiner Erfahrung bestens ins Team und wird unseren Fans als Griechisch-R\u00f6misch-Spezialist viel Freude bereiten.\u201c<\/em><\/p>\n<h3><strong>Der AC Germania begr\u00fc\u00dft Marco herzlich in Artern und w\u00fcnscht ihm alles Gute in seiner ersten Saison!<br \/>\n<\/strong><\/h3>\n<div id=\"attachment_2464\" style=\"width: 810px\" class=\"wp-caption alignnone\"><img loading=\"lazy\" decoding=\"async\" aria-describedby=\"caption-attachment-2464\" class=\"wp-image-2464 size-full\" src=\"https:\/\/www.ac-germania.com\/A_ACG\/wordpress\/wp-content\/uploads\/2014\/06\/2014-06-17-003.jpg\" alt=\"2014-06-17-003\" width=\"800\" height=\"533\" srcset=\"https:\/\/www.ac-germania.com\/A_ACG\/wordpress\/wp-content\/uploads\/2014\/06\/2014-06-17-003.jpg 800w, https:\/\/www.ac-germania.com\/A_ACG\/wordpress\/wp-content\/uploads\/2014\/06\/2014-06-17-003-300x199.jpg 300w, https:\/\/www.ac-germania.com\/A_ACG\/wordpress\/wp-content\/uploads\/2014\/06\/2014-06-17-003-150x99.jpg 150w, https:\/\/www.ac-germania.com\/A_ACG\/wordpress\/wp-content\/uploads\/2014\/06\/2014-06-17-003-700x466.jpg 700w\" sizes=\"auto, (max-width: 800px) 100vw, 800px\" \/><p id=\"caption-attachment-2464\" class=\"wp-caption-text\">Marco bei seiner ersten Trainingseinheit mit dem AC Germania, hier im Trainingskampf mit Stephan Knopf.<\/p><\/div>\n","protected":false},"excerpt":{"rendered":"<p>Name: Marco Scherf Geburtstag: 01.09.1991 Beruf: Bankkaufmann Aktiv seit: 1997 Bisherige Vereine: SAV Leipzig, AC Taucha, KFC Leipzig Erfolge: 2009 | 3. Deutscher Meister 2010 | 4. Deutscher Meister 2011 | 4. Deutscher Meister mehrfacher Landes-\/Mitteldeutscher Meister Stammkader 1. &amp; 2. Bundesliga KFC Leipzig Marco kann trotz seines jungen Alters \u2026 <a class=\"continue-reading-link\" href=\"https:\/\/www.ac-germania.com\/?p=2452\">Weiterlesen <span class=\"meta-nav\">&rarr; <\/span><\/a><\/p>\n","protected":false},"author":1,"featured_media":2464,"comment_status":"open","ping_status":"open","sticky":false,"template":"","format":"standard","meta":{"footnotes":""},"categories":[7],"tags":[],"class_list":["post-2452","post","type-post","status-publish","format-standard","has-post-thumbnail","hentry","category-news-2014"],"_links":{"self":[{"href":"https:\/\/www.ac-germania.com\/index.php?rest_route=\/wp\/v2\/posts\/2452","targetHints":{"allow":["GET"]}}],"collection":[{"href":"https:\/\/www.ac-germania.com\/index.php?rest_route=\/wp\/v2\/posts"}],"about":[{"href":"https:\/\/www.ac-germania.com\/index.php?rest_route=\/wp\/v2\/types\/post"}],"author":[{"embeddable":true,"href":"https:\/\/www.ac-germania.com\/index.php?rest_route=\/wp\/v2\/users\/1"}],"replies":[{"embeddable":true,"href":"https:\/\/www.ac-germania.com\/index.php?rest_route=%2Fwp%2Fv2%2Fcomments&post=2452"}],"version-history":[{"count":0,"href":"https:\/\/www.ac-germania.com\/index.php?rest_route=\/wp\/v2\/posts\/2452\/revisions"}],"wp:featuredmedia":[{"embeddable":true,"href":"https:\/\/www.ac-germania.com\/index.php?rest_route=\/wp\/v2\/media\/2464"}],"wp:attachment":[{"href":"https:\/\/www.ac-germania.com\/index.php?rest_route=%2Fwp%2Fv2%2Fmedia&parent=2452"}],"wp:term":[{"taxonomy":"category","embeddable":true,"href":"https:\/\/www.ac-germania.com\/index.php?rest_route=%2Fwp%2Fv2%2Fcategories&post=2452"},{"taxonomy":"post_tag","embeddable":true,"href":"https:\/\/www.ac-germania.com\/index.php?rest_route=%2Fwp%2Fv2%2Ftags&post=2452"}],"curies":[{"name":"wp","href":"https:\/\/api.w.org\/{rel}","templated":true}]}}