{"id":2391,"date":"2014-06-04T11:55:01","date_gmt":"2014-06-04T10:55:01","guid":{"rendered":"http:\/\/www.ac-germania.com\/?p=2391"},"modified":"2014-06-04T11:57:32","modified_gmt":"2014-06-04T10:57:32","slug":"regionalligateam-bestreitet-trainingslehrgang-mit-bundesligist-eisleben","status":"publish","type":"post","link":"https:\/\/www.ac-germania.com\/?p=2391","title":{"rendered":"Regionalligateam bestreitet Trainingslehrgang mit Bundesligist Eisleben"},"content":{"rendered":"<p>Lange Zeit war es ruhig um das Regionalligateam des AC Germania, intern laufen aber bereits seit Wochen die Vorbereitungen auf die kommende Regionalligasaison. ACG-Coach Michael Getschmann unterzog sich vor acht Wochen eine l\u00e4nger anstehende OP am Kniegelenk und verhandelte nebenbei mit den Sportlern f\u00fcr die neue Saison. <em>\u201eDie Kaderplanung ist abgeschlossen, ich konnte mit allen Sportlern pers\u00f6nlich sprechen und habe meinen Wunschkader zusammen.\u201c<\/em> so ACG-Coach Getschmann. Die Germanenfans d\u00fcrfen sich freuen, bis auf Patrick Ortmann (66kg\/GR), der diese Saison nicht zur Verf\u00fcgung steht und Jan Friedl (96kg) der aufgrund seines Studiums nicht oft zum Einsatz kommen wird haben alle Athleten verl\u00e4ngert. Der Kader wurde auf drei Positionen verst\u00e4rkt und in dieser Saison darf nun endlich auch Nachwuchshoffnung Alexander Lehmann auf Punktejagt gehen.<\/p>\n<p><img loading=\"lazy\" decoding=\"async\" class=\"wp-image-2307 size-full aligncenter\" src=\"https:\/\/www.ac-germania.com\/A_ACG\/wordpress\/wp-content\/uploads\/2014\/04\/logo_regionalliga.gif\" alt=\"logo_regionalliga\" width=\"180\" height=\"67\" \/><\/p>\n<p>Der Trainingsbetrieb wurde l\u00e4ngst wieder aufgenommen, aktuell arbeiten viele Athleten an Kraft, Ausdauer und allgemeiner Fitness. Der offizielle Trainingsstart erfolgt am 13. und 14.06. in Zusammenarbeit mit dem Bundesligateam des KAV Mansfelder Land. Die Einheit am 14.06. findet als \u00f6ffentliche Einheit mit Freundschaftsk\u00e4mpfen in Eisleben statt, hierzu sind nat\u00fcrlich auch die Sponsoren und Fans des AC Germania recht herzlich eingeladen. Nach diesem gemeinsamen Trainingslehrgang werden wir an dieser Stelle auch unsere Neuzug\u00e4nge vorstellen.<\/p>\n<p>Die neue Saison beginnt f\u00fcr den ACG dieses Jahr erst am 13.09. mit dem Heimkampf gegen RSV Hansa Frankfurt\/Oder. Weiterhin k\u00e4mpfen der RC Germania Potsdam, SV Luftfahrt Berlin und SAV Leipzig\/Gro\u00dflehna in der der Staffel-B der Regionalliga Mitteldeutschland. Aufgrund der wenigen Mannschaften gibt es im Anschluss f\u00fcr die ersten drei Mannschaften aus beiden Staffeln noch eine Meisterschaftsrunde um den Aufstieg in die 2. Bundesliga. <em>\u201eWir haben sicher die etwas schwerere Gruppe erwischt aber das garantiert unseren Zuschauern hoffentlich spannendere K\u00e4mpfe als letzte Saison. Wir freuen uns schon auf den ersten Kampf gegen die Mannschaft von unserem ehemaligen Publikumsliebling Felix Th\u00e4tner aus Frankfurt.\u201c<\/em> gab sich Getschmann euphorisch.<\/p>\n<p><strong>Wir w\u00fcrden uns freuen, einige Sponsoren und Fans am 14. Juni in Eisleben in der Gl\u00fcck-Auf-Halle (Friedensstrasse 38) begr\u00fc\u00dfen zu k\u00f6nnen.<\/strong><\/p>\n<p style=\"text-align: center;\"><iframe loading=\"lazy\" style=\"border: 0;\" src=\"https:\/\/www.google.com\/maps\/embed?pb=!1m14!1m8!1m3!1d2482.524449463083!2d11.545639999999999!3d51.52194!3m2!1i1024!2i768!4f13.1!3m3!1m2!1s0x47a5d23c3cb56401%3A0x67fc67c2db94cb3d!2sFriedensstra%C3%9Fe+38!5e0!3m2!1sde!2sde!4v1401879178650\" width=\"600\" height=\"450\" frameborder=\"0\"><\/iframe><\/p>\n","protected":false},"excerpt":{"rendered":"<p>Lange Zeit war es ruhig um das Regionalligateam des AC Germania, intern laufen aber bereits seit Wochen die Vorbereitungen auf die kommende Regionalligasaison. ACG-Coach Michael Getschmann unterzog sich vor acht Wochen eine l\u00e4nger anstehende OP am Kniegelenk und verhandelte nebenbei mit den Sportlern f\u00fcr die neue Saison. \u201eDie Kaderplanung ist \u2026 <a class=\"continue-reading-link\" href=\"https:\/\/www.ac-germania.com\/?p=2391\">Weiterlesen <span class=\"meta-nav\">&rarr; <\/span><\/a><\/p>\n","protected":false},"author":1,"featured_media":2307,"comment_status":"open","ping_status":"open","sticky":false,"template":"","format":"standard","meta":{"footnotes":""},"categories":[7],"tags":[],"class_list":["post-2391","post","type-post","status-publish","format-standard","has-post-thumbnail","hentry","category-news-2014"],"_links":{"self":[{"href":"https:\/\/www.ac-germania.com\/index.php?rest_route=\/wp\/v2\/posts\/2391","targetHints":{"allow":["GET"]}}],"collection":[{"href":"https:\/\/www.ac-germania.com\/index.php?rest_route=\/wp\/v2\/posts"}],"about":[{"href":"https:\/\/www.ac-germania.com\/index.php?rest_route=\/wp\/v2\/types\/post"}],"author":[{"embeddable":true,"href":"https:\/\/www.ac-germania.com\/index.php?rest_route=\/wp\/v2\/users\/1"}],"replies":[{"embeddable":true,"href":"https:\/\/www.ac-germania.com\/index.php?rest_route=%2Fwp%2Fv2%2Fcomments&post=2391"}],"version-history":[{"count":0,"href":"https:\/\/www.ac-germania.com\/index.php?rest_route=\/wp\/v2\/posts\/2391\/revisions"}],"wp:featuredmedia":[{"embeddable":true,"href":"https:\/\/www.ac-germania.com\/index.php?rest_route=\/wp\/v2\/media\/2307"}],"wp:attachment":[{"href":"https:\/\/www.ac-germania.com\/index.php?rest_route=%2Fwp%2Fv2%2Fmedia&parent=2391"}],"wp:term":[{"taxonomy":"category","embeddable":true,"href":"https:\/\/www.ac-germania.com\/index.php?rest_route=%2Fwp%2Fv2%2Fcategories&post=2391"},{"taxonomy":"post_tag","embeddable":true,"href":"https:\/\/www.ac-germania.com\/index.php?rest_route=%2Fwp%2Fv2%2Ftags&post=2391"}],"curies":[{"name":"wp","href":"https:\/\/api.w.org\/{rel}","templated":true}]}}