{"id":2377,"date":"2014-05-27T08:56:02","date_gmt":"2014-05-27T07:56:02","guid":{"rendered":"http:\/\/www.ac-germania.com\/?p=2377"},"modified":"2014-05-27T08:58:16","modified_gmt":"2014-05-27T07:58:16","slug":"acg-nachwuchs-erneut-erfolgreich","status":"publish","type":"post","link":"https:\/\/www.ac-germania.com\/?p=2377","title":{"rendered":"ACG-Nachwuchs erneut erfolgreich"},"content":{"rendered":"<p>Vergangenen Samstag fand in S\u00f6mmerda das traditionelle Unstrutpokalturnier der Altersklassen B-\/C- und D-Jugend sowie der weiblichen Sch\u00fcler und Jugend statt. Der Wettkampf fand in seiner 18. Auflage statt und z\u00e4hlt mit 200 Startern aus 24 Vereinen zu den gr\u00f6\u00dften Turnieren in der Region.<\/p>\n<p>Das Trainertrio um ACG-Nachwuchscoach Stephan Grimm und den beiden Regionalligaathleten Tim Salzmann und Tim Walther machten sich mit insgesamt 14 Sportlern auf den kurzen Weg nach S\u00f6mmerda. Au\u00dferdem reisten viele Eltern mit um ihren Kindern an der Matte beizustehen.<\/p>\n<p><img loading=\"lazy\" decoding=\"async\" class=\"aligncenter size-full wp-image-2378\" src=\"https:\/\/www.ac-germania.com\/A_ACG\/wordpress\/wp-content\/uploads\/2014\/05\/2014-05-27-001.jpg\" alt=\"2014-05-27-001\" width=\"636\" height=\"502\" srcset=\"https:\/\/www.ac-germania.com\/A_ACG\/wordpress\/wp-content\/uploads\/2014\/05\/2014-05-27-001.jpg 636w, https:\/\/www.ac-germania.com\/A_ACG\/wordpress\/wp-content\/uploads\/2014\/05\/2014-05-27-001-300x236.jpg 300w, https:\/\/www.ac-germania.com\/A_ACG\/wordpress\/wp-content\/uploads\/2014\/05\/2014-05-27-001-150x118.jpg 150w\" sizes=\"auto, (max-width: 636px) 100vw, 636px\" \/>Bei der weiblichen Jugend \u00fcberzeugte einmal mehr unsere Sportsch\u00fclerin Katharina Gilewitsch (48kg), sie blieb in allen K\u00e4mpfen unbesiegt und sicherte sich die Goldmedaille. Bei den weiblichen Sch\u00fclern mussten sich Lena Bauer (27kg) sowie Joy Chantal Kie\u00dfler (34kg) nur einmal geschlagen geben und gewannen Silber.<\/p>\n<p><img loading=\"lazy\" decoding=\"async\" class=\"aligncenter size-full wp-image-2379\" src=\"https:\/\/www.ac-germania.com\/A_ACG\/wordpress\/wp-content\/uploads\/2014\/05\/2014-05-27-002.jpg\" alt=\"2014-05-27-002\" width=\"636\" height=\"336\" srcset=\"https:\/\/www.ac-germania.com\/A_ACG\/wordpress\/wp-content\/uploads\/2014\/05\/2014-05-27-002.jpg 636w, https:\/\/www.ac-germania.com\/A_ACG\/wordpress\/wp-content\/uploads\/2014\/05\/2014-05-27-002-300x158.jpg 300w, https:\/\/www.ac-germania.com\/A_ACG\/wordpress\/wp-content\/uploads\/2014\/05\/2014-05-27-002-150x79.jpg 150w\" sizes=\"auto, (max-width: 636px) 100vw, 636px\" \/>Bei den \u201ejungen M\u00e4nnern\u201c lie\u00dfen Ole Getschmann (B-Jgd.\/46kg), Georg Schulz (C-Jgd.\/38kg) und Jan-Erik Reinhardt (C-Jgd.\/69kg) nichts anbrennen und gewannen in souver\u00e4ner Manier die Goldmedaille. Alexander Lehmann (B-Jgd.\/58kg) verlor nach engem Kampf das Finale nach Punkten und gewann damit Silber, Lion Ratayczak (B-Jgd.\/50kg) komplettierte den Medaillensatz schlie\u00dflich mit seiner Bronzemedaille.<\/p>\n<p>Marko Kr\u00fcger (D-Jgd.\/27kg) erk\u00e4mpfte den vierten Platz, Paul Schulz (D-Jgd.\/34kg) wurde f\u00fcnfter und Eric Laurenat (C-Jgd.\/34kg) sechster. Bei unseren j\u00fcngsten Sportlern sammelten Pascal Filla (D-Jgd.\/27kg), Max Neubert (D-Jgd.\/31kg) und Cedrik Hoffmann (D-Jgd.\/34kg) wichtige Wettkampferfahrung, konnten sich in ihren Gewichtsklassen aber nicht platzieren.<\/p>\n<p><strong>Die Platzierungen im Detail:<\/strong><\/p>\n<p><strong>weibliche Jugend<\/strong><\/p>\n<p>Katharina Gilewitsch | 48kg | 1. Platz<\/p>\n<p><strong>weibliche Sch\u00fcler<\/strong><\/p>\n<p>Lena Bauer | 27kg | 2. Platz<br \/>\nJoy Chantal Kie\u00dfler | 34kg | 2. Platz<\/p>\n<p><strong>B-Jugend<\/strong><\/p>\n<p>Ole Getschmann | 46kg | 1. Platz<br \/>\nLion Ratayczak | 50kg | 3. Platz<br \/>\nAlexander Lehmann | 58kg | 2. Platz<\/p>\n<p><strong>C- Jugend<\/strong><\/p>\n<p>Eric Laurenat | 34kg | 6. Platz<br \/>\nGeorg Schulz | 38kg | 1. Platz<br \/>\nJan-Erik Reinhardt | 69kg | 1. Platz<\/p>\n<p><strong>D-Jugend<\/strong><\/p>\n<p>Pascal Filla |27kg | ohne Platzierung<br \/>\nMarko Kr\u00fcger | 27kg | 4. Platz<br \/>\nMax Neubert | 31kg | ohne Platzierung<br \/>\nCedrik Hoffmann | 34kg | ohne Platzierung<br \/>\nPaul Schulz | 34kg | 5. Platz<\/p>\n","protected":false},"excerpt":{"rendered":"<p>Vergangenen Samstag fand in S\u00f6mmerda das traditionelle Unstrutpokalturnier der Altersklassen B-\/C- und D-Jugend sowie der weiblichen Sch\u00fcler und Jugend statt. Der Wettkampf fand in seiner 18. Auflage statt und z\u00e4hlt mit 200 Startern aus 24 Vereinen zu den gr\u00f6\u00dften Turnieren in der Region. Das Trainertrio um ACG-Nachwuchscoach Stephan Grimm und \u2026 <a class=\"continue-reading-link\" href=\"https:\/\/www.ac-germania.com\/?p=2377\">Weiterlesen <span class=\"meta-nav\">&rarr; <\/span><\/a><\/p>\n","protected":false},"author":1,"featured_media":2379,"comment_status":"open","ping_status":"open","sticky":false,"template":"","format":"standard","meta":{"footnotes":""},"categories":[7],"tags":[],"class_list":["post-2377","post","type-post","status-publish","format-standard","has-post-thumbnail","hentry","category-news-2014"],"_links":{"self":[{"href":"https:\/\/www.ac-germania.com\/index.php?rest_route=\/wp\/v2\/posts\/2377","targetHints":{"allow":["GET"]}}],"collection":[{"href":"https:\/\/www.ac-germania.com\/index.php?rest_route=\/wp\/v2\/posts"}],"about":[{"href":"https:\/\/www.ac-germania.com\/index.php?rest_route=\/wp\/v2\/types\/post"}],"author":[{"embeddable":true,"href":"https:\/\/www.ac-germania.com\/index.php?rest_route=\/wp\/v2\/users\/1"}],"replies":[{"embeddable":true,"href":"https:\/\/www.ac-germania.com\/index.php?rest_route=%2Fwp%2Fv2%2Fcomments&post=2377"}],"version-history":[{"count":0,"href":"https:\/\/www.ac-germania.com\/index.php?rest_route=\/wp\/v2\/posts\/2377\/revisions"}],"wp:featuredmedia":[{"embeddable":true,"href":"https:\/\/www.ac-germania.com\/index.php?rest_route=\/wp\/v2\/media\/2379"}],"wp:attachment":[{"href":"https:\/\/www.ac-germania.com\/index.php?rest_route=%2Fwp%2Fv2%2Fmedia&parent=2377"}],"wp:term":[{"taxonomy":"category","embeddable":true,"href":"https:\/\/www.ac-germania.com\/index.php?rest_route=%2Fwp%2Fv2%2Fcategories&post=2377"},{"taxonomy":"post_tag","embeddable":true,"href":"https:\/\/www.ac-germania.com\/index.php?rest_route=%2Fwp%2Fv2%2Ftags&post=2377"}],"curies":[{"name":"wp","href":"https:\/\/api.w.org\/{rel}","templated":true}]}}