{"id":2357,"date":"2014-05-02T19:49:39","date_gmt":"2014-05-02T18:49:39","guid":{"rendered":"http:\/\/www.ac-germania.com\/?p=2357"},"modified":"2014-05-02T19:51:04","modified_gmt":"2014-05-02T18:51:04","slug":"radtour-im-trainingslager-fuer-die-nachwuchsmannschaft-des-acg","status":"publish","type":"post","link":"https:\/\/www.ac-germania.com\/?p=2357","title":{"rendered":"Radtour im Trainingslager f\u00fcr die Nachwuchsmannschaft des ACG"},"content":{"rendered":"<p>In den Osterferien gab es ein Trainingslager f\u00fcr die Nachwuchsmannschaft des AC Germania Artern. An zwei Trainingstagen wo es haupts\u00e4chlich um Techniken ging wurden die Nachwuchssportler in zwei Gruppen eingeteilt. Das Trainingslager wurde zur Vorbereitung f\u00fcr den Wettkampf in Stendal sowie die Landesmeisterschaft der D-\/E- Jugend in Artern genutzt. Am dritten Tag fand eine Abschlussfahrt mit dem Rad zum gemeinsamen Eisessen nach Ro\u00dfleben statt. Die 12 Sportler und ihre Betreuer fuhren 17km hin und am Abend gemeinsam wieder zur\u00fcck. Die 2. Ferienwoche nutzten die Sportler zum gemeinsamen Training f\u00fcr die noch anstehenden Wettk\u00e4mpfe der Knirpse des AC Germania Artern.<\/p>\n<p><img loading=\"lazy\" decoding=\"async\" class=\"aligncenter size-full wp-image-2358\" src=\"https:\/\/www.ac-germania.com\/A_ACG\/wordpress\/wp-content\/uploads\/2014\/05\/2014-05-02-001.jpg\" alt=\"2014-05-02-001\" width=\"800\" height=\"368\" srcset=\"https:\/\/www.ac-germania.com\/A_ACG\/wordpress\/wp-content\/uploads\/2014\/05\/2014-05-02-001.jpg 800w, https:\/\/www.ac-germania.com\/A_ACG\/wordpress\/wp-content\/uploads\/2014\/05\/2014-05-02-001-300x138.jpg 300w, https:\/\/www.ac-germania.com\/A_ACG\/wordpress\/wp-content\/uploads\/2014\/05\/2014-05-02-001-150x69.jpg 150w, https:\/\/www.ac-germania.com\/A_ACG\/wordpress\/wp-content\/uploads\/2014\/05\/2014-05-02-001-700x322.jpg 700w\" sizes=\"auto, (max-width: 800px) 100vw, 800px\" \/><\/p>\n","protected":false},"excerpt":{"rendered":"<p>In den Osterferien gab es ein Trainingslager f\u00fcr die Nachwuchsmannschaft des AC Germania Artern. An zwei Trainingstagen wo es haupts\u00e4chlich um Techniken ging wurden die Nachwuchssportler in zwei Gruppen eingeteilt. Das Trainingslager wurde zur Vorbereitung f\u00fcr den Wettkampf in Stendal sowie die Landesmeisterschaft der D-\/E- Jugend in Artern genutzt. Am \u2026 <a class=\"continue-reading-link\" href=\"https:\/\/www.ac-germania.com\/?p=2357\">Weiterlesen <span class=\"meta-nav\">&rarr; <\/span><\/a><\/p>\n","protected":false},"author":1,"featured_media":2358,"comment_status":"open","ping_status":"open","sticky":false,"template":"","format":"standard","meta":{"footnotes":""},"categories":[7],"tags":[],"class_list":["post-2357","post","type-post","status-publish","format-standard","has-post-thumbnail","hentry","category-news-2014"],"_links":{"self":[{"href":"https:\/\/www.ac-germania.com\/index.php?rest_route=\/wp\/v2\/posts\/2357","targetHints":{"allow":["GET"]}}],"collection":[{"href":"https:\/\/www.ac-germania.com\/index.php?rest_route=\/wp\/v2\/posts"}],"about":[{"href":"https:\/\/www.ac-germania.com\/index.php?rest_route=\/wp\/v2\/types\/post"}],"author":[{"embeddable":true,"href":"https:\/\/www.ac-germania.com\/index.php?rest_route=\/wp\/v2\/users\/1"}],"replies":[{"embeddable":true,"href":"https:\/\/www.ac-germania.com\/index.php?rest_route=%2Fwp%2Fv2%2Fcomments&post=2357"}],"version-history":[{"count":0,"href":"https:\/\/www.ac-germania.com\/index.php?rest_route=\/wp\/v2\/posts\/2357\/revisions"}],"wp:featuredmedia":[{"embeddable":true,"href":"https:\/\/www.ac-germania.com\/index.php?rest_route=\/wp\/v2\/media\/2358"}],"wp:attachment":[{"href":"https:\/\/www.ac-germania.com\/index.php?rest_route=%2Fwp%2Fv2%2Fmedia&parent=2357"}],"wp:term":[{"taxonomy":"category","embeddable":true,"href":"https:\/\/www.ac-germania.com\/index.php?rest_route=%2Fwp%2Fv2%2Fcategories&post=2357"},{"taxonomy":"post_tag","embeddable":true,"href":"https:\/\/www.ac-germania.com\/index.php?rest_route=%2Fwp%2Fv2%2Ftags&post=2357"}],"curies":[{"name":"wp","href":"https:\/\/api.w.org\/{rel}","templated":true}]}}