{"id":2345,"date":"2014-04-26T13:51:58","date_gmt":"2014-04-26T12:51:58","guid":{"rendered":"http:\/\/www.ac-germania.com\/?p=2345"},"modified":"2014-04-26T13:52:49","modified_gmt":"2014-04-26T12:52:49","slug":"herzliche-glueckwuensche-zur-jugendweihe","status":"publish","type":"post","link":"https:\/\/www.ac-germania.com\/?p=2345","title":{"rendered":"Herzliche Gl\u00fcckw\u00fcnsche zur Jugendweihe&#8230;"},"content":{"rendered":"<p>Der AC Germania w\u00fcnscht seinen Nachwuchssportlern alles Gute zur Jugendweihe.<\/p>\n<p><strong>Oda Herzog<br \/>\n<\/strong> <strong>Ole Getschmann<br \/>\n<\/strong><strong>Jan-Josef Grosche<\/strong><\/p>\n<p>Bereits letzte Woche hatten <strong>Anulak Eisenhardt<\/strong> und <strong>Alexander Lehmann<\/strong> ihre Feierstunde.<\/p>\n<p>Wir w\u00fcnschen allen Teilnehmer viel Gl\u00fcck auf ihren weiteren Lebensweg sowie viele sportliche Erfolge f\u00fcr den AC Germania.<\/p>\n<p><em>Leicht zu leben ohne Leichtsinn, heiter zu sein ohne Ausgelassenheit, Mut zu haben ohne \u00dcbermut \u2013 das ist die Kunst des Lebens. (<span id=\"zitate2\">Theodor Fontane<\/span>)<\/em><\/p>\n<p><img loading=\"lazy\" decoding=\"async\" class=\"size-full wp-image-2342 alignleft\" src=\"https:\/\/www.ac-germania.com\/A_ACG\/wordpress\/wp-content\/uploads\/2014\/04\/2014-04-26-001.jpg\" alt=\"2014-04-26-001\" width=\"800\" height=\"506\" srcset=\"https:\/\/www.ac-germania.com\/A_ACG\/wordpress\/wp-content\/uploads\/2014\/04\/2014-04-26-001.jpg 800w, https:\/\/www.ac-germania.com\/A_ACG\/wordpress\/wp-content\/uploads\/2014\/04\/2014-04-26-001-300x189.jpg 300w, https:\/\/www.ac-germania.com\/A_ACG\/wordpress\/wp-content\/uploads\/2014\/04\/2014-04-26-001-150x94.jpg 150w, https:\/\/www.ac-germania.com\/A_ACG\/wordpress\/wp-content\/uploads\/2014\/04\/2014-04-26-001-700x442.jpg 700w\" sizes=\"auto, (max-width: 800px) 100vw, 800px\" \/><\/p>\n","protected":false},"excerpt":{"rendered":"<p>Der AC Germania w\u00fcnscht seinen Nachwuchssportlern alles Gute zur Jugendweihe. Oda Herzog Ole Getschmann Jan-Josef Grosche Bereits letzte Woche hatten Anulak Eisenhardt und Alexander Lehmann ihre Feierstunde. Wir w\u00fcnschen allen Teilnehmer viel Gl\u00fcck auf ihren weiteren Lebensweg sowie viele sportliche Erfolge f\u00fcr den AC Germania. Leicht zu leben ohne Leichtsinn, \u2026 <a class=\"continue-reading-link\" href=\"https:\/\/www.ac-germania.com\/?p=2345\">Weiterlesen <span class=\"meta-nav\">&rarr; <\/span><\/a><\/p>\n","protected":false},"author":1,"featured_media":2342,"comment_status":"open","ping_status":"open","sticky":false,"template":"","format":"standard","meta":{"footnotes":""},"categories":[7],"tags":[],"class_list":["post-2345","post","type-post","status-publish","format-standard","has-post-thumbnail","hentry","category-news-2014"],"_links":{"self":[{"href":"https:\/\/www.ac-germania.com\/index.php?rest_route=\/wp\/v2\/posts\/2345","targetHints":{"allow":["GET"]}}],"collection":[{"href":"https:\/\/www.ac-germania.com\/index.php?rest_route=\/wp\/v2\/posts"}],"about":[{"href":"https:\/\/www.ac-germania.com\/index.php?rest_route=\/wp\/v2\/types\/post"}],"author":[{"embeddable":true,"href":"https:\/\/www.ac-germania.com\/index.php?rest_route=\/wp\/v2\/users\/1"}],"replies":[{"embeddable":true,"href":"https:\/\/www.ac-germania.com\/index.php?rest_route=%2Fwp%2Fv2%2Fcomments&post=2345"}],"version-history":[{"count":0,"href":"https:\/\/www.ac-germania.com\/index.php?rest_route=\/wp\/v2\/posts\/2345\/revisions"}],"wp:featuredmedia":[{"embeddable":true,"href":"https:\/\/www.ac-germania.com\/index.php?rest_route=\/wp\/v2\/media\/2342"}],"wp:attachment":[{"href":"https:\/\/www.ac-germania.com\/index.php?rest_route=%2Fwp%2Fv2%2Fmedia&parent=2345"}],"wp:term":[{"taxonomy":"category","embeddable":true,"href":"https:\/\/www.ac-germania.com\/index.php?rest_route=%2Fwp%2Fv2%2Fcategories&post=2345"},{"taxonomy":"post_tag","embeddable":true,"href":"https:\/\/www.ac-germania.com\/index.php?rest_route=%2Fwp%2Fv2%2Ftags&post=2345"}],"curies":[{"name":"wp","href":"https:\/\/api.w.org\/{rel}","templated":true}]}}