{"id":2333,"date":"2014-04-25T12:31:26","date_gmt":"2014-04-25T11:31:26","guid":{"rendered":"http:\/\/www.ac-germania.com\/?p=2333"},"modified":"2014-04-25T12:33:24","modified_gmt":"2014-04-25T11:33:24","slug":"acg-nachwuchcoach-gerhard-guenther-kandidiert-fuer-arterner-stadtrat","status":"publish","type":"post","link":"https:\/\/www.ac-germania.com\/?p=2333","title":{"rendered":"ACG Nachwuchcoach Gerhard G\u00fcnther kandidiert f\u00fcr Arterner Stadtrat"},"content":{"rendered":"<p style=\"text-align: left;\">Wenn am 25. Mai in Artern der neue Stadtrat gew\u00e4hlt wird, steht mit Gerhard G\u00fcnther ein Vereinsmitglied des AC Germania Artern auf dem Stimmzettel. Gerhard G\u00fcnther ist im Vereinsleben des aktuell beliebtesten Vereins im Kyffh\u00e4userkreis in der wichtigen Nachwuchsbetreuung engagiert.<\/p>\n<p style=\"text-align: center;\"><img loading=\"lazy\" decoding=\"async\" class=\"aligncenter size-full wp-image-2336\" src=\"https:\/\/www.ac-germania.com\/A_ACG\/wordpress\/wp-content\/uploads\/2014\/04\/2014-04-25-001.jpg\" alt=\"2014-04-25-001\" width=\"600\" height=\"258\" srcset=\"https:\/\/www.ac-germania.com\/A_ACG\/wordpress\/wp-content\/uploads\/2014\/04\/2014-04-25-001.jpg 600w, https:\/\/www.ac-germania.com\/A_ACG\/wordpress\/wp-content\/uploads\/2014\/04\/2014-04-25-001-300x129.jpg 300w, https:\/\/www.ac-germania.com\/A_ACG\/wordpress\/wp-content\/uploads\/2014\/04\/2014-04-25-001-150x64.jpg 150w\" sizes=\"auto, (max-width: 600px) 100vw, 600px\" \/><\/p>\n<p>Er koordiniert Jugendgruppen und organsiert Wettkampfreisen der ACG-Youngster, selbst trainiert er die Nachwuchsleistungsgruppe im Verein welche den wichtigen Vorbau f\u00fcr das Regionalligateam darstellt. Gemeinsam mit seinen Trainerkollegen Marcel M\u00fcnchhoff und Stephan Grimm kann er auf sehr viele Erfolge zur\u00fcckblicken, zuletzt gewann Katharina Gilewitsch bei der weiblichen Jugend die Bronzemedaille bei den deutschen Meisterschaften. Vergangenes Jahr schafften Anulak Eisenhardt und Alexander Lehmann den Sprung von der Leistungsgruppe ins Regionalligateam.<\/p>\n<p>Abseits der Matte wurde Gerhard G\u00fcnther bereits mit dem Ehrenamtspreis der Stadt Artern f\u00fcr seine T\u00e4tigkeiten im Vereinsleben ausgezeichnet.<\/p>\n<p><strong>Wir w\u00fcnschen Gerhard G\u00fcnther viel Erfolg bei der Wahl am 25. Mai !<br \/>\n<\/strong><\/p>\n","protected":false},"excerpt":{"rendered":"<p>Wenn am 25. Mai in Artern der neue Stadtrat gew\u00e4hlt wird, steht mit Gerhard G\u00fcnther ein Vereinsmitglied des AC Germania Artern auf dem Stimmzettel. Gerhard G\u00fcnther ist im Vereinsleben des aktuell beliebtesten Vereins im Kyffh\u00e4userkreis in der wichtigen Nachwuchsbetreuung engagiert. Er koordiniert Jugendgruppen und organsiert Wettkampfreisen der ACG-Youngster, selbst trainiert \u2026 <a class=\"continue-reading-link\" href=\"https:\/\/www.ac-germania.com\/?p=2333\">Weiterlesen <span class=\"meta-nav\">&rarr; <\/span><\/a><\/p>\n","protected":false},"author":1,"featured_media":2336,"comment_status":"open","ping_status":"open","sticky":false,"template":"","format":"standard","meta":{"footnotes":""},"categories":[7],"tags":[],"class_list":["post-2333","post","type-post","status-publish","format-standard","has-post-thumbnail","hentry","category-news-2014"],"_links":{"self":[{"href":"https:\/\/www.ac-germania.com\/index.php?rest_route=\/wp\/v2\/posts\/2333","targetHints":{"allow":["GET"]}}],"collection":[{"href":"https:\/\/www.ac-germania.com\/index.php?rest_route=\/wp\/v2\/posts"}],"about":[{"href":"https:\/\/www.ac-germania.com\/index.php?rest_route=\/wp\/v2\/types\/post"}],"author":[{"embeddable":true,"href":"https:\/\/www.ac-germania.com\/index.php?rest_route=\/wp\/v2\/users\/1"}],"replies":[{"embeddable":true,"href":"https:\/\/www.ac-germania.com\/index.php?rest_route=%2Fwp%2Fv2%2Fcomments&post=2333"}],"version-history":[{"count":0,"href":"https:\/\/www.ac-germania.com\/index.php?rest_route=\/wp\/v2\/posts\/2333\/revisions"}],"wp:featuredmedia":[{"embeddable":true,"href":"https:\/\/www.ac-germania.com\/index.php?rest_route=\/wp\/v2\/media\/2336"}],"wp:attachment":[{"href":"https:\/\/www.ac-germania.com\/index.php?rest_route=%2Fwp%2Fv2%2Fmedia&parent=2333"}],"wp:term":[{"taxonomy":"category","embeddable":true,"href":"https:\/\/www.ac-germania.com\/index.php?rest_route=%2Fwp%2Fv2%2Fcategories&post=2333"},{"taxonomy":"post_tag","embeddable":true,"href":"https:\/\/www.ac-germania.com\/index.php?rest_route=%2Fwp%2Fv2%2Ftags&post=2333"}],"curies":[{"name":"wp","href":"https:\/\/api.w.org\/{rel}","templated":true}]}}