{"id":2236,"date":"2014-03-18T12:06:45","date_gmt":"2014-03-18T11:06:45","guid":{"rendered":"http:\/\/www.ac-germania.com\/?p=2236"},"modified":"2014-03-18T12:07:51","modified_gmt":"2014-03-18T11:07:51","slug":"anulak-maneekul-ist-jetzt-offiziell-buerger-der-brd","status":"publish","type":"post","link":"https:\/\/www.ac-germania.com\/?p=2236","title":{"rendered":"Anulak Maneekul ist jetzt offiziell B\u00fcrger der BRD"},"content":{"rendered":"<p>Am 13. M\u00e4rz 2014 erfolgte durch den Ersten Kreisbeigeordneten Herrn Holger H\u00e4\u00dfler die Einb\u00fcrgerung des 15j\u00e4hrigen Anulak, welcher aus Thailand stammt. Seine Eltern und die j\u00fcngeren Br\u00fcder waren bei diesem f\u00fcr ihn so wichtigen Termin ebenfalls anwesend.<\/p>\n<p>Anulak lebt seit 2006 im Kyffh\u00e4userkreis und besucht zur Zeit die 8. Klasse der Borlach-Regelschule in Artern.<\/p>\n<p>Seit 2007 ist er aktives Mitglied beim AC Germania und hat in seiner bisherigen eindrucksvollen sportlichen Laufbahn zahlreiche Titel und Medaillen gewonnen. Er wird am 28.03. bis 30.03.2014 f\u00fcr den ACG bei den Deutschen-A-Jugendmeisterschaften starten.<\/p>\n<p><img loading=\"lazy\" decoding=\"async\" class=\"size-full wp-image-2237 aligncenter\" alt=\"2014-03-18-001\" src=\"https:\/\/www.ac-germania.com\/A_ACG\/wordpress\/wp-content\/uploads\/2014\/03\/2014-03-18-001.jpg\" width=\"590\" height=\"531\" srcset=\"https:\/\/www.ac-germania.com\/A_ACG\/wordpress\/wp-content\/uploads\/2014\/03\/2014-03-18-001.jpg 590w, https:\/\/www.ac-germania.com\/A_ACG\/wordpress\/wp-content\/uploads\/2014\/03\/2014-03-18-001-300x270.jpg 300w, https:\/\/www.ac-germania.com\/A_ACG\/wordpress\/wp-content\/uploads\/2014\/03\/2014-03-18-001-150x135.jpg 150w\" sizes=\"auto, (max-width: 590px) 100vw, 590px\" \/><\/p>\n","protected":false},"excerpt":{"rendered":"<p>Am 13. M\u00e4rz 2014 erfolgte durch den Ersten Kreisbeigeordneten Herrn Holger H\u00e4\u00dfler die Einb\u00fcrgerung des 15j\u00e4hrigen Anulak, welcher aus Thailand stammt. Seine Eltern und die j\u00fcngeren Br\u00fcder waren bei diesem f\u00fcr ihn so wichtigen Termin ebenfalls anwesend. Anulak lebt seit 2006 im Kyffh\u00e4userkreis und besucht zur Zeit die 8. Klasse \u2026 <a class=\"continue-reading-link\" href=\"https:\/\/www.ac-germania.com\/?p=2236\">Weiterlesen <span class=\"meta-nav\">&rarr; <\/span><\/a><\/p>\n","protected":false},"author":1,"featured_media":2237,"comment_status":"open","ping_status":"open","sticky":false,"template":"","format":"standard","meta":{"footnotes":""},"categories":[7],"tags":[],"class_list":["post-2236","post","type-post","status-publish","format-standard","has-post-thumbnail","hentry","category-news-2014"],"_links":{"self":[{"href":"https:\/\/www.ac-germania.com\/index.php?rest_route=\/wp\/v2\/posts\/2236","targetHints":{"allow":["GET"]}}],"collection":[{"href":"https:\/\/www.ac-germania.com\/index.php?rest_route=\/wp\/v2\/posts"}],"about":[{"href":"https:\/\/www.ac-germania.com\/index.php?rest_route=\/wp\/v2\/types\/post"}],"author":[{"embeddable":true,"href":"https:\/\/www.ac-germania.com\/index.php?rest_route=\/wp\/v2\/users\/1"}],"replies":[{"embeddable":true,"href":"https:\/\/www.ac-germania.com\/index.php?rest_route=%2Fwp%2Fv2%2Fcomments&post=2236"}],"version-history":[{"count":0,"href":"https:\/\/www.ac-germania.com\/index.php?rest_route=\/wp\/v2\/posts\/2236\/revisions"}],"wp:featuredmedia":[{"embeddable":true,"href":"https:\/\/www.ac-germania.com\/index.php?rest_route=\/wp\/v2\/media\/2237"}],"wp:attachment":[{"href":"https:\/\/www.ac-germania.com\/index.php?rest_route=%2Fwp%2Fv2%2Fmedia&parent=2236"}],"wp:term":[{"taxonomy":"category","embeddable":true,"href":"https:\/\/www.ac-germania.com\/index.php?rest_route=%2Fwp%2Fv2%2Fcategories&post=2236"},{"taxonomy":"post_tag","embeddable":true,"href":"https:\/\/www.ac-germania.com\/index.php?rest_route=%2Fwp%2Fv2%2Ftags&post=2236"}],"curies":[{"name":"wp","href":"https:\/\/api.w.org\/{rel}","templated":true}]}}