{"id":2226,"date":"2014-03-15T23:22:41","date_gmt":"2014-03-15T22:22:41","guid":{"rendered":"http:\/\/www.ac-germania.com\/?p=2226"},"modified":"2014-03-15T23:23:33","modified_gmt":"2014-03-15T22:23:33","slug":"medaille-bleibt-aus-zwei-top-6-platzierungen-bei-dm-der-b-jugend","status":"publish","type":"post","link":"https:\/\/www.ac-germania.com\/?p=2226","title":{"rendered":"Medaille bleibt aus \u2013 zwei Top-6 Platzierungen bei DM der B-Jugend"},"content":{"rendered":"<p>Der ASV Bruchsal war vergangenes Wochenende der Ausrichter der Deutschen Meisterschaften der B-Jugend im freien Stil. Vom AC Germania Artern hatten sich mit Ole Getschmann (42kg) und Alexander Lehmann (58kg) zwei Sportler f\u00fcr das h\u00f6chste deutsche Turnier qualifiziert. Beide Youngster wurden vom ACG Trainerduo Gerhard G\u00fcnther und Marcel M\u00fcnchhoff in den Kraichgau begleitet.<\/p>\n<p style=\"text-align: center;\"><img loading=\"lazy\" decoding=\"async\" class=\"alignnone size-full wp-image-2227\" alt=\"2014-03-15-001\" src=\"https:\/\/www.ac-germania.com\/A_ACG\/wordpress\/wp-content\/uploads\/2014\/03\/2014-03-15-001.jpg\" width=\"422\" height=\"609\" srcset=\"https:\/\/www.ac-germania.com\/A_ACG\/wordpress\/wp-content\/uploads\/2014\/03\/2014-03-15-001.jpg 422w, https:\/\/www.ac-germania.com\/A_ACG\/wordpress\/wp-content\/uploads\/2014\/03\/2014-03-15-001-207x300.jpg 207w, https:\/\/www.ac-germania.com\/A_ACG\/wordpress\/wp-content\/uploads\/2014\/03\/2014-03-15-001-103x150.jpg 103w\" sizes=\"auto, (max-width: 422px) 100vw, 422px\" \/><\/p>\n<p>Ole Getschmann war urspr\u00fcnglich im Limit bis 46kg gemeldet, kochte aber in der Vorwoche auf 42kg ab und hatte es dort mit 16 weiteren Athleten zu tun. Die ersten beiden K\u00e4mpfe beendete er vorzeitig und siegte auf Schulter, im dritten Kampf folgte nach einer konzentrierten Leistung gegen Alexander Riefling aus Ladenburg ein Punktsieg. Gegen Tim Hamann (Lugau) und Marcel K\u00e4ppeler (Taisersdorf) folgten zwei Punktniederlagen und damit die Qualifikation f\u00fcr das Finale um Platz F\u00fcnf und Sechs. Hier traf Ole auf Luca Zeiser (TV Traunstein) und musste den Kampf nach einer Verletzung aufgeben.<br \/>\n<em>\u201eWir wollten nichts riskieren und haben entschieden, dass Ole nicht mehr weiterk\u00e4mpft. Der sechste Platz ist in diesem starken Teilnehmerfeld sehr viel Wert und spiegelt Ole\u2018s Leistungssprung in den letzten Monaten wieder.\u201c<\/em> <strong>meinte Marcel M\u00fcnchhoff unmittelbar nach dem Finalkampf.<\/strong><\/p>\n<p style=\"text-align: center;\"><img loading=\"lazy\" decoding=\"async\" class=\"alignnone size-full wp-image-2228\" alt=\"2014-03-15-002\" src=\"https:\/\/www.ac-germania.com\/A_ACG\/wordpress\/wp-content\/uploads\/2014\/03\/2014-03-15-002.jpg\" width=\"800\" height=\"435\" srcset=\"https:\/\/www.ac-germania.com\/A_ACG\/wordpress\/wp-content\/uploads\/2014\/03\/2014-03-15-002.jpg 800w, https:\/\/www.ac-germania.com\/A_ACG\/wordpress\/wp-content\/uploads\/2014\/03\/2014-03-15-002-300x163.jpg 300w, https:\/\/www.ac-germania.com\/A_ACG\/wordpress\/wp-content\/uploads\/2014\/03\/2014-03-15-002-150x81.jpg 150w, https:\/\/www.ac-germania.com\/A_ACG\/wordpress\/wp-content\/uploads\/2014\/03\/2014-03-15-002-700x380.jpg 700w\" sizes=\"auto, (max-width: 800px) 100vw, 800px\" \/><\/p>\n<p>In der Gewichtsklasse bis 58kg ging der amtierender Deutscher Meister Alexander Lehmann als Mitfavorit ins Rennen. Auch Alex erwischte einen Traumstart und gewann die ersten drei K\u00e4mpfe sehr deutlich. Im entscheidenden Kampf gegen Michael Walgutski (KSC Graben-Neudorf) geriet Alex aufgrund unverst\u00e4ndlicher Wertungen des Kampfgerichts in R\u00fcckstand, dass brachte ihn etwas aus dem Konzept und er setzte im Bodenkampf eine Risikotechnik an welche Walgutski konterte und zum Schultersieg nutzte. Da sich die Top-Athleten dieser Gewichtsklasse untereinander besiegten wog die Schulterniederlage doppelt so schwer und Alex konnte nur noch um Platz F\u00fcnf und Sechs antreten. Besonders \u00e4rgerlich, den zuk\u00fcnftigen Vizemeister Jonas Schondelmaier (KSV Tennenbronn) besiegte Alex in der Vorrunde mit 10:6 Punkten. Im Finale um 5\/6 zeigte Alex dann nochmal seine Klasse und siegte mit einer geh\u00f6rigen Portion Wut im Bauch gegen den Leipziger Christopher Schulz mit technischer \u00dcberlegenheit.<br \/>\n<em>\u201cLeider hat es heute nicht gereicht, im entscheidenden Kampf hatten wir das Kampfgericht gegen uns und noch \u00e4rgerlicher ist das sich alle untereinander besiegt haben. Damit reichen vier Siege aus f\u00fcnf K\u00e4mpfen \u201enur\u201c f\u00fcr den f\u00fcnften Rang. Alex hat trotzdem gezeigt, dass er zur nationalen Spitze in dieser Altersklasse geh\u00f6rt und er wird wieder angreifen.\u201c<\/em> <strong>res\u00fcmierte sein Trainer Gerhard G\u00fcnther nach dem Turnier.<\/strong><\/p>\n<p>Diese Ausbeute kann sich f\u00fcr den AC Germania durchaus sehen lassen, zwei Starter und zwei Top-6 Platzierungen sprechen f\u00fcr sich und die gute Ausbildung im Jugendbereich. Zeit zum Ausruhen bleibt nicht, kommende Woche suchen die weiblichen Jugendlichen in Demmin ihre Deutschen Meisterinnen.<\/p>\n","protected":false},"excerpt":{"rendered":"<p>Der ASV Bruchsal war vergangenes Wochenende der Ausrichter der Deutschen Meisterschaften der B-Jugend im freien Stil. Vom AC Germania Artern hatten sich mit Ole Getschmann (42kg) und Alexander Lehmann (58kg) zwei Sportler f\u00fcr das h\u00f6chste deutsche Turnier qualifiziert. Beide Youngster wurden vom ACG Trainerduo Gerhard G\u00fcnther und Marcel M\u00fcnchhoff in \u2026 <a class=\"continue-reading-link\" href=\"https:\/\/www.ac-germania.com\/?p=2226\">Weiterlesen <span class=\"meta-nav\">&rarr; <\/span><\/a><\/p>\n","protected":false},"author":1,"featured_media":2227,"comment_status":"open","ping_status":"open","sticky":false,"template":"","format":"standard","meta":{"footnotes":""},"categories":[7],"tags":[],"class_list":["post-2226","post","type-post","status-publish","format-standard","has-post-thumbnail","hentry","category-news-2014"],"_links":{"self":[{"href":"https:\/\/www.ac-germania.com\/index.php?rest_route=\/wp\/v2\/posts\/2226","targetHints":{"allow":["GET"]}}],"collection":[{"href":"https:\/\/www.ac-germania.com\/index.php?rest_route=\/wp\/v2\/posts"}],"about":[{"href":"https:\/\/www.ac-germania.com\/index.php?rest_route=\/wp\/v2\/types\/post"}],"author":[{"embeddable":true,"href":"https:\/\/www.ac-germania.com\/index.php?rest_route=\/wp\/v2\/users\/1"}],"replies":[{"embeddable":true,"href":"https:\/\/www.ac-germania.com\/index.php?rest_route=%2Fwp%2Fv2%2Fcomments&post=2226"}],"version-history":[{"count":0,"href":"https:\/\/www.ac-germania.com\/index.php?rest_route=\/wp\/v2\/posts\/2226\/revisions"}],"wp:featuredmedia":[{"embeddable":true,"href":"https:\/\/www.ac-germania.com\/index.php?rest_route=\/wp\/v2\/media\/2227"}],"wp:attachment":[{"href":"https:\/\/www.ac-germania.com\/index.php?rest_route=%2Fwp%2Fv2%2Fmedia&parent=2226"}],"wp:term":[{"taxonomy":"category","embeddable":true,"href":"https:\/\/www.ac-germania.com\/index.php?rest_route=%2Fwp%2Fv2%2Fcategories&post=2226"},{"taxonomy":"post_tag","embeddable":true,"href":"https:\/\/www.ac-germania.com\/index.php?rest_route=%2Fwp%2Fv2%2Ftags&post=2226"}],"curies":[{"name":"wp","href":"https:\/\/api.w.org\/{rel}","templated":true}]}}