{"id":2149,"date":"2014-02-07T14:46:31","date_gmt":"2014-02-07T13:46:31","guid":{"rendered":"http:\/\/www.ac-germania.com\/?p=2149"},"modified":"2014-02-07T14:47:43","modified_gmt":"2014-02-07T13:47:43","slug":"germanen-in-allen-kategorien-bei-sportlerwahl-2014-vertreten","status":"publish","type":"post","link":"https:\/\/www.ac-germania.com\/?p=2149","title":{"rendered":"Germanen in allen Kategorien bei Sportlerwahl 2014 vertreten"},"content":{"rendered":"<p><img loading=\"lazy\" decoding=\"async\" class=\"alignleft size-full wp-image-2148\" alt=\"2014-02-07-001\" src=\"https:\/\/www.ac-germania.com\/A_ACG\/wordpress\/wp-content\/uploads\/2014\/02\/2014-02-07-001.jpg\" width=\"800\" height=\"450\" srcset=\"https:\/\/www.ac-germania.com\/A_ACG\/wordpress\/wp-content\/uploads\/2014\/02\/2014-02-07-001.jpg 800w, https:\/\/www.ac-germania.com\/A_ACG\/wordpress\/wp-content\/uploads\/2014\/02\/2014-02-07-001-300x168.jpg 300w, https:\/\/www.ac-germania.com\/A_ACG\/wordpress\/wp-content\/uploads\/2014\/02\/2014-02-07-001-150x84.jpg 150w, https:\/\/www.ac-germania.com\/A_ACG\/wordpress\/wp-content\/uploads\/2014\/02\/2014-02-07-001-700x393.jpg 700w\" sizes=\"auto, (max-width: 800px) 100vw, 800px\" \/><\/p>\n<p style=\"text-align: center;\"><em>In den kommenden Wochen finden Sie diese Stimmzettel in der Th\u00fcringer Allgemeinen. Sportler und Mannschaften des ACG sind in allen Kategorien vertreten.<\/em><\/p>\n<p>Wie jedes Jahr f\u00fchrt der Kreissportbund Kyffh\u00e4userkreis die Wahl der beliebtesten Sportler sowie Mannschaften im Kyffh\u00e4userkreis durch. In allen Kategorien finden sich auch Athleten und Mannschaften des AC Germania wieder.<\/p>\n<p>Bei den Nachwuchssportlerinnen geht erneut Katharina Gilewitsch ins Rennen, sie wurde im vergangen Jahr Vizedeutsche-Meisterin bei den weiblichen Sch\u00fclern. Zur beliebtesten Sportlerin k\u00f6nnten Franziska G\u00f6bel gew\u00e4hlt werden.<\/p>\n<p>Als Nachwuchssportler hat Alexander Lehmann als aktuellen Deutscher-Meister der B-Jugend sehr gute Chancen auf den Titel des beliebtesten Sportlers. Auch der Vizedeutsche-Meister der A-Jugend Tim Walther ist logischerweise nominiert und wird als gro\u00dfer Favorit bei den M\u00e4nnern gehandelt. Tim ist au\u00dferdem durch seine Eins\u00e4tze im Regionalligateam ein \u201ebekannter Hund\u201c. Bei den Nachwuchsmannschaften gehen die ACG-Youngster um Gerhardt G\u00fcnther, Marcel M\u00fcnchhoff und Stephan Grimm an den Start.<\/p>\n<p>In der \u201eK\u00f6nigsklasse\u201c Mannschaften wurde nat\u00fcrlich unser Regionalligateam nominiert welches in der letzten Regionalligasaison mit der Vizemeisterschaft den Aufstieg in die 2. Bundesliga nur knapp verpasste. Coach Michael Getschmann freut sich \u00fcber die Nominierung und verr\u00e4t vorab schon mal die Zielstellung f\u00fcr die kommende Saison, es soll der Staffelsieg erk\u00e4mpft werden und somit 2. Bundesliga in Artern geben!<\/p>\n<p>Die Wahl geht bis zum 14. M\u00e4rz, es sind nur die originalen Stimmzettel aus der Th\u00fcringer Allgemeinen zugelassen welche in den n\u00e4chsten Wochen in der Zeitung zu finden sind. Die Stimmzettel k\u00f6nnen im \u201eHaus der Ringer\u201c oder direkt bei der TA abgegeben werden.<\/p>\n<p><strong>Wir danken f\u00fcr Ihre Unterst\u00fctzung und w\u00fcrden uns freuen, am 21.03. zur Auszeichnungsveranstaltung m\u00f6glichst viele Stimmen gesammelt zu haben.<\/strong><\/p>\n","protected":false},"excerpt":{"rendered":"<p>In den kommenden Wochen finden Sie diese Stimmzettel in der Th\u00fcringer Allgemeinen. Sportler und Mannschaften des ACG sind in allen Kategorien vertreten. Wie jedes Jahr f\u00fchrt der Kreissportbund Kyffh\u00e4userkreis die Wahl der beliebtesten Sportler sowie Mannschaften im Kyffh\u00e4userkreis durch. In allen Kategorien finden sich auch Athleten und Mannschaften des AC \u2026 <a class=\"continue-reading-link\" href=\"https:\/\/www.ac-germania.com\/?p=2149\">Weiterlesen <span class=\"meta-nav\">&rarr; <\/span><\/a><\/p>\n","protected":false},"author":1,"featured_media":2148,"comment_status":"open","ping_status":"open","sticky":false,"template":"","format":"standard","meta":{"footnotes":""},"categories":[7],"tags":[],"class_list":["post-2149","post","type-post","status-publish","format-standard","has-post-thumbnail","hentry","category-news-2014"],"_links":{"self":[{"href":"https:\/\/www.ac-germania.com\/index.php?rest_route=\/wp\/v2\/posts\/2149","targetHints":{"allow":["GET"]}}],"collection":[{"href":"https:\/\/www.ac-germania.com\/index.php?rest_route=\/wp\/v2\/posts"}],"about":[{"href":"https:\/\/www.ac-germania.com\/index.php?rest_route=\/wp\/v2\/types\/post"}],"author":[{"embeddable":true,"href":"https:\/\/www.ac-germania.com\/index.php?rest_route=\/wp\/v2\/users\/1"}],"replies":[{"embeddable":true,"href":"https:\/\/www.ac-germania.com\/index.php?rest_route=%2Fwp%2Fv2%2Fcomments&post=2149"}],"version-history":[{"count":0,"href":"https:\/\/www.ac-germania.com\/index.php?rest_route=\/wp\/v2\/posts\/2149\/revisions"}],"wp:featuredmedia":[{"embeddable":true,"href":"https:\/\/www.ac-germania.com\/index.php?rest_route=\/wp\/v2\/media\/2148"}],"wp:attachment":[{"href":"https:\/\/www.ac-germania.com\/index.php?rest_route=%2Fwp%2Fv2%2Fmedia&parent=2149"}],"wp:term":[{"taxonomy":"category","embeddable":true,"href":"https:\/\/www.ac-germania.com\/index.php?rest_route=%2Fwp%2Fv2%2Fcategories&post=2149"},{"taxonomy":"post_tag","embeddable":true,"href":"https:\/\/www.ac-germania.com\/index.php?rest_route=%2Fwp%2Fv2%2Ftags&post=2149"}],"curies":[{"name":"wp","href":"https:\/\/api.w.org\/{rel}","templated":true}]}}