{"id":2144,"date":"2014-02-05T21:06:38","date_gmt":"2014-02-05T20:06:38","guid":{"rendered":"http:\/\/www.ac-germania.com\/?p=2144"},"modified":"2014-02-05T21:08:22","modified_gmt":"2014-02-05T20:08:22","slug":"junioren-und-b-jugend-mit-letztem-test-vor-den-deutschen-meisterschaften","status":"publish","type":"post","link":"https:\/\/www.ac-germania.com\/?p=2144","title":{"rendered":"Junioren und B-Jugend mit letztem Test vor den Deutschen Meisterschaften"},"content":{"rendered":"<p style=\"text-align: center;\"><img loading=\"lazy\" decoding=\"async\" class=\"alignleft size-full wp-image-2145\" alt=\"2014-02-05-001\" src=\"https:\/\/www.ac-germania.com\/A_ACG\/wordpress\/wp-content\/uploads\/2014\/02\/2014-02-05-001.jpg\" width=\"800\" height=\"392\" srcset=\"https:\/\/www.ac-germania.com\/A_ACG\/wordpress\/wp-content\/uploads\/2014\/02\/2014-02-05-001.jpg 800w, https:\/\/www.ac-germania.com\/A_ACG\/wordpress\/wp-content\/uploads\/2014\/02\/2014-02-05-001-300x147.jpg 300w, https:\/\/www.ac-germania.com\/A_ACG\/wordpress\/wp-content\/uploads\/2014\/02\/2014-02-05-001-150x73.jpg 150w, https:\/\/www.ac-germania.com\/A_ACG\/wordpress\/wp-content\/uploads\/2014\/02\/2014-02-05-001-700x343.jpg 700w\" sizes=\"auto, (max-width: 800px) 100vw, 800px\" \/><br \/>\n<em>Alexander Gilewitsch vom ACG (blaues Trikot, bei den LM in Halle) trainiert in Jena am Sportgymnasium und hat damit am Samstag einen kleinen Heimvorteil.<\/em><\/p>\n<p>Kommenden Samstag beginnen nach den Landesmeisterschaften nun die Mitteldeutschen Titelk\u00e4mpfe der Junioren sowie Jugend-B in beiden Stilarten. Gastgeber ist der KSC Motor Jena. Zu den Titelk\u00e4mpfen werden die besten Athleten aus Th\u00fcringen, Sachsen, Sachsen-Anhalt sowie Brandenburg erwartet. Vor den kommenden Deutschen Meisterschaften sind die Mitteldeutschen der letzte Gradmesser f\u00fcr die Sportler.<\/p>\n<p>Bei den Junioren schickt ACG Nachwuchscoach Gerhard G\u00fcnther drei Sportler ins Rennen, neben dem aktuellen Deutschen Vizemeister der A-Jugend Tim Walther (FR), kommt au\u00dferdem Nick Ratayczak (GR) sowie Alexander Gilewitsch zum Einsatz. F\u00fcr Alex wird es ein Heimspiel werden, unter der Woche trainiert er an der Sportschule in Jena.<\/p>\n<p>Bei den B-Jugendlichen geht unser Deutscher Meister Alexander Lehmann als Top-Favorit auf das Mattenquadrat. Chancen auf eine vordere Platzierung werden aber auch Ole Getschmann, Jonas Michel und Lion Ratayczak haben. \u201eWir gehen gut vorbereitet in die Titelk\u00e4mpfe und werden versuchen so viele Medaillen wie m\u00f6glich zu erk\u00e4mpfen\u201c gab sich Gerhardt G\u00fcnther optimistisch.<\/p>\n","protected":false},"excerpt":{"rendered":"<p>Alexander Gilewitsch vom ACG (blaues Trikot, bei den LM in Halle) trainiert in Jena am Sportgymnasium und hat damit am Samstag einen kleinen Heimvorteil. Kommenden Samstag beginnen nach den Landesmeisterschaften nun die Mitteldeutschen Titelk\u00e4mpfe der Junioren sowie Jugend-B in beiden Stilarten. Gastgeber ist der KSC Motor Jena. Zu den Titelk\u00e4mpfen \u2026 <a class=\"continue-reading-link\" href=\"https:\/\/www.ac-germania.com\/?p=2144\">Weiterlesen <span class=\"meta-nav\">&rarr; <\/span><\/a><\/p>\n","protected":false},"author":1,"featured_media":2145,"comment_status":"open","ping_status":"open","sticky":false,"template":"","format":"standard","meta":{"footnotes":""},"categories":[7],"tags":[],"class_list":["post-2144","post","type-post","status-publish","format-standard","has-post-thumbnail","hentry","category-news-2014"],"_links":{"self":[{"href":"https:\/\/www.ac-germania.com\/index.php?rest_route=\/wp\/v2\/posts\/2144","targetHints":{"allow":["GET"]}}],"collection":[{"href":"https:\/\/www.ac-germania.com\/index.php?rest_route=\/wp\/v2\/posts"}],"about":[{"href":"https:\/\/www.ac-germania.com\/index.php?rest_route=\/wp\/v2\/types\/post"}],"author":[{"embeddable":true,"href":"https:\/\/www.ac-germania.com\/index.php?rest_route=\/wp\/v2\/users\/1"}],"replies":[{"embeddable":true,"href":"https:\/\/www.ac-germania.com\/index.php?rest_route=%2Fwp%2Fv2%2Fcomments&post=2144"}],"version-history":[{"count":0,"href":"https:\/\/www.ac-germania.com\/index.php?rest_route=\/wp\/v2\/posts\/2144\/revisions"}],"wp:featuredmedia":[{"embeddable":true,"href":"https:\/\/www.ac-germania.com\/index.php?rest_route=\/wp\/v2\/media\/2145"}],"wp:attachment":[{"href":"https:\/\/www.ac-germania.com\/index.php?rest_route=%2Fwp%2Fv2%2Fmedia&parent=2144"}],"wp:term":[{"taxonomy":"category","embeddable":true,"href":"https:\/\/www.ac-germania.com\/index.php?rest_route=%2Fwp%2Fv2%2Fcategories&post=2144"},{"taxonomy":"post_tag","embeddable":true,"href":"https:\/\/www.ac-germania.com\/index.php?rest_route=%2Fwp%2Fv2%2Ftags&post=2144"}],"curies":[{"name":"wp","href":"https:\/\/api.w.org\/{rel}","templated":true}]}}