{"id":2100,"date":"2014-01-01T19:46:32","date_gmt":"2014-01-01T18:46:32","guid":{"rendered":"http:\/\/www.ac-germania.com\/?p=2100"},"modified":"2014-01-07T17:35:04","modified_gmt":"2014-01-07T16:35:04","slug":"der-acg-wuenscht-alles-gute-im-neuen-jahr","status":"publish","type":"post","link":"https:\/\/www.ac-germania.com\/?p=2100","title":{"rendered":"Der ACG w\u00fcnscht alles Gute im neuen Jahr"},"content":{"rendered":"<p><img loading=\"lazy\" decoding=\"async\" class=\"alignleft size-full wp-image-2101\" alt=\"2013-01-01-001\" src=\"https:\/\/www.ac-germania.com\/A_ACG\/wordpress\/wp-content\/uploads\/2014\/01\/2013-01-01-001.jpg\" width=\"800\" height=\"400\" srcset=\"https:\/\/www.ac-germania.com\/A_ACG\/wordpress\/wp-content\/uploads\/2014\/01\/2013-01-01-001.jpg 800w, https:\/\/www.ac-germania.com\/A_ACG\/wordpress\/wp-content\/uploads\/2014\/01\/2013-01-01-001-300x150.jpg 300w, https:\/\/www.ac-germania.com\/A_ACG\/wordpress\/wp-content\/uploads\/2014\/01\/2013-01-01-001-150x75.jpg 150w, https:\/\/www.ac-germania.com\/A_ACG\/wordpress\/wp-content\/uploads\/2014\/01\/2013-01-01-001-700x350.jpg 700w\" sizes=\"auto, (max-width: 800px) 100vw, 800px\" \/><\/p>\n<p>Ein sehr erfolgreiches Jahr ist zu Ende gegangen, der ACG machte mit vielen Erfolgen auf sich aufmerksam. Im Nachwuchsbereich sind die Goldmedaille bei den Deutschen Meisterschaften durch Alexander Lehmann, sowie die beiden Silbermedaillen von Katharina Gilewitsch und Tim Walther die Highlights des vergangenen Jahres.<\/p>\n<p>Im Ligabetrieb konnte unser Regionalligateam den bisher gr\u00f6\u00dften Vereinserfolg feiern und ist mit dem zweiten Platz in Deutschlands dritth\u00f6chster Kampfklasse nur knapp am Aufstieg in die 2. Bundesliga vorbeigeschrammt. Au\u00dferdem war de ACG erneut bei vielen interkulturellen Vereinsma\u00dfnahmen vertreten.<\/p>\n<p>An dieses erfolgreiche Jahr soll nun angekn\u00fcpft werden. In 2014 stehen uns viele sportliche H\u00f6hepunkte bevor und es wird sich erneut bei den Ringkampfregeln sowie den Gewichtsklassen etwas tun.<\/p>\n<h2><strong> Die Vereinsf\u00fchrung w\u00fcnscht allen Mitgliedern, Sponsoren und Fans einen guten Start ins neue Jahr, bleibt alle gesund und munter!<\/strong><\/h2>\n","protected":false},"excerpt":{"rendered":"<p>Ein sehr erfolgreiches Jahr ist zu Ende gegangen, der ACG machte mit vielen Erfolgen auf sich aufmerksam. Im Nachwuchsbereich sind die Goldmedaille bei den Deutschen Meisterschaften durch Alexander Lehmann, sowie die beiden Silbermedaillen von Katharina Gilewitsch und Tim Walther die Highlights des vergangenen Jahres. Im Ligabetrieb konnte unser Regionalligateam den \u2026 <a class=\"continue-reading-link\" href=\"https:\/\/www.ac-germania.com\/?p=2100\">Weiterlesen <span class=\"meta-nav\">&rarr; <\/span><\/a><\/p>\n","protected":false},"author":1,"featured_media":2101,"comment_status":"open","ping_status":"open","sticky":false,"template":"","format":"standard","meta":{"footnotes":""},"categories":[7],"tags":[],"class_list":["post-2100","post","type-post","status-publish","format-standard","has-post-thumbnail","hentry","category-news-2014"],"_links":{"self":[{"href":"https:\/\/www.ac-germania.com\/index.php?rest_route=\/wp\/v2\/posts\/2100","targetHints":{"allow":["GET"]}}],"collection":[{"href":"https:\/\/www.ac-germania.com\/index.php?rest_route=\/wp\/v2\/posts"}],"about":[{"href":"https:\/\/www.ac-germania.com\/index.php?rest_route=\/wp\/v2\/types\/post"}],"author":[{"embeddable":true,"href":"https:\/\/www.ac-germania.com\/index.php?rest_route=\/wp\/v2\/users\/1"}],"replies":[{"embeddable":true,"href":"https:\/\/www.ac-germania.com\/index.php?rest_route=%2Fwp%2Fv2%2Fcomments&post=2100"}],"version-history":[{"count":0,"href":"https:\/\/www.ac-germania.com\/index.php?rest_route=\/wp\/v2\/posts\/2100\/revisions"}],"wp:featuredmedia":[{"embeddable":true,"href":"https:\/\/www.ac-germania.com\/index.php?rest_route=\/wp\/v2\/media\/2101"}],"wp:attachment":[{"href":"https:\/\/www.ac-germania.com\/index.php?rest_route=%2Fwp%2Fv2%2Fmedia&parent=2100"}],"wp:term":[{"taxonomy":"category","embeddable":true,"href":"https:\/\/www.ac-germania.com\/index.php?rest_route=%2Fwp%2Fv2%2Fcategories&post=2100"},{"taxonomy":"post_tag","embeddable":true,"href":"https:\/\/www.ac-germania.com\/index.php?rest_route=%2Fwp%2Fv2%2Ftags&post=2100"}],"curies":[{"name":"wp","href":"https:\/\/api.w.org\/{rel}","templated":true}]}}