{"id":1934,"date":"2013-11-17T22:18:15","date_gmt":"2013-11-17T21:18:15","guid":{"rendered":"http:\/\/www.ac-germania.com\/?p=1934"},"modified":"2013-11-17T22:19:29","modified_gmt":"2013-11-17T21:19:29","slug":"alexander-lehmann-gewinnt-philipp-seitz-turnier-in-kleinostheim","status":"publish","type":"post","link":"https:\/\/www.ac-germania.com\/?p=1934","title":{"rendered":"Alexander Lehmann gewinnt Philipp-Seitz-Turnier in Kleinostheim"},"content":{"rendered":"<p>Sonntag Nacht machte sich ACG-Nachwuchscoach Gerhard G\u00fcnther mit f\u00fcnf Sportlern auf den langen Weg nach Kleinostheim. <strong>Dort fand das hochdotierte Philipp-Seitz-Gedenkturnier im freien Ringkampf statt. <\/strong>Das Turnier z\u00e4hlt im Nachwuchsbereich zu den am besten besetzten Wettk\u00e4mpfen in der Bundesrepublik. Zahlreiche Kaderathleten hatten sich angek\u00fcndigt.<\/p>\n<p><img loading=\"lazy\" decoding=\"async\" class=\" wp-image-1936 aligncenter\" style=\"border: 1px solid black;\" alt=\"2013-11-17-001\" src=\"https:\/\/www.ac-germania.com\/A_ACG\/wordpress\/wp-content\/uploads\/2013\/11\/2013-11-17-001.jpg\" width=\"800\" height=\"1001\" srcset=\"https:\/\/www.ac-germania.com\/A_ACG\/wordpress\/wp-content\/uploads\/2013\/11\/2013-11-17-001.jpg 800w, https:\/\/www.ac-germania.com\/A_ACG\/wordpress\/wp-content\/uploads\/2013\/11\/2013-11-17-001-239x300.jpg 239w, https:\/\/www.ac-germania.com\/A_ACG\/wordpress\/wp-content\/uploads\/2013\/11\/2013-11-17-001-119x150.jpg 119w, https:\/\/www.ac-germania.com\/A_ACG\/wordpress\/wp-content\/uploads\/2013\/11\/2013-11-17-001-719x900.jpg 719w\" sizes=\"auto, (max-width: 800px) 100vw, 800px\" \/><strong>In der B-Jugend schickte Gerhard G\u00fcnther im Limit bis 58kg seinen aktuellen Deutschen Meister ins Rennen. Alexander Lehmann hatte es mit acht weiteren Athleten zu tun, musste vier Mal antreten und gewann alle K\u00e4mpfe mit technischer \u00dcberlegenheit. Damit kr\u00f6nte er sein Wettkampfjahr nach dem DM-Titel nun auch noch mit diesem Turniersieg.<\/strong> Eine weitere Medaille sicherte sich unser Sportsch\u00fcler Alexander Gilewitsch (A-Jugend, 85kg). Nach vier K\u00e4mpfen mit zwei Siegen und zwei Niederlagen wurde er starker dritter.<\/p>\n<p>Weiterhin waren unsere drei Regionalligayoungsters, Anulack Maneekul (A-Jugend, 54kg), Tim Walther (Junioren, 66kg) sowie Nick Ratayczak (Junioren, 74kg) mit am Start. <strong>F\u00fcr Tim und Nick war dieses Turnier nach ihren Eins\u00e4tzen am Samstag in der Regionalliga eine Doppelbelastung.<\/strong> Hinzu kommt dann nat\u00fcrlich noch der Reisstress den die jungen Sportler an so einem \u201eMarathonwochenende\u201c ausgesetzt sind.<\/p>\n<p><strong> \u201eWaldi\u201c musste sich im ersten Kampf zwar dem 3. Kadetten-Europameister von 2009 Tobias Schr\u00f6der (Fahrenbach) geschlagen geben, gewann aber anschlie\u00dfend zwei K\u00e4mpfe und stand im Finale um Platz drei.<\/strong> Hier merkte man ihm die Vorbelastung an und es wurde am Ende ein starker vierter Platz. Nick und Anulack k\u00e4mpften in ihrer ungeliebten Stilart, mussten sich dabei ihren Kontrahenten geschlagen geben. Beide sollten in diesem Turnier weitere Wettkampfpraxis sowie Erfahrung sammeln.<\/p>\n<p><em> \u201eInsgesamt bin ich mit der Ausbeute sehr zufrieden, alle haben gut gek\u00e4mpft und ihren starken Gegner ordentlich Paroli geboten. Die beiden Medaillen unterstreichen au\u00dferdem unsere gute Nachwuchsarbeit!\u201c<\/em> <strong>kommentierte Gerhard G\u00fcnther nach dem Turnier.<\/strong> Ein Dankesch\u00f6n geht an dieser Stelle an Uwe Ratayczak welcher sich als Fahrer zur Verf\u00fcgung gestellt hat sowie an Brigitte Walther f\u00fcr die Unterst\u00fctzung w\u00e4hrend des Wettkampfs.<\/p>\n<p><strong>Platzierungen unserer Sportler:<\/strong><\/p>\n<p>Alexander Lehmann (B-Jugend, 58kg) &#8211; 1.Platz<br \/>\nAlexander Gilewitsch (A-Jugend, 85kg) &#8211; 3. Platz<br \/>\nTim Walther (Junioren, 66kg) &#8211; 4. Platz<br \/>\nNick Ratayczak (Junioren, 74kg) &#8211; 13. Platz<br \/>\nAnulack Maneekul (A-Jugend, 54kg) &#8211; 20. Platz<\/p>\n<p><a href=\"http:\/\/www.liga-db.de\/Turniere\/VT\/HES\/2013\/DE\/131117_Kleinostheim\/indexGER.htm\" target=\"_blank\">&gt;&gt; Gesamtergebnisse (Ligadatenbank)<\/a><\/p>\n","protected":false},"excerpt":{"rendered":"<p>Sonntag Nacht machte sich ACG-Nachwuchscoach Gerhard G\u00fcnther mit f\u00fcnf Sportlern auf den langen Weg nach Kleinostheim. Dort fand das hochdotierte Philipp-Seitz-Gedenkturnier im freien Ringkampf statt. Das Turnier z\u00e4hlt im Nachwuchsbereich zu den am besten besetzten Wettk\u00e4mpfen in der Bundesrepublik. Zahlreiche Kaderathleten hatten sich angek\u00fcndigt. In der B-Jugend schickte Gerhard G\u00fcnther \u2026 <a class=\"continue-reading-link\" href=\"https:\/\/www.ac-germania.com\/?p=1934\">Weiterlesen <span class=\"meta-nav\">&rarr; <\/span><\/a><\/p>\n","protected":false},"author":1,"featured_media":1936,"comment_status":"open","ping_status":"open","sticky":false,"template":"","format":"standard","meta":{"footnotes":""},"categories":[4],"tags":[],"class_list":["post-1934","post","type-post","status-publish","format-standard","has-post-thumbnail","hentry","category-news-2013"],"_links":{"self":[{"href":"https:\/\/www.ac-germania.com\/index.php?rest_route=\/wp\/v2\/posts\/1934","targetHints":{"allow":["GET"]}}],"collection":[{"href":"https:\/\/www.ac-germania.com\/index.php?rest_route=\/wp\/v2\/posts"}],"about":[{"href":"https:\/\/www.ac-germania.com\/index.php?rest_route=\/wp\/v2\/types\/post"}],"author":[{"embeddable":true,"href":"https:\/\/www.ac-germania.com\/index.php?rest_route=\/wp\/v2\/users\/1"}],"replies":[{"embeddable":true,"href":"https:\/\/www.ac-germania.com\/index.php?rest_route=%2Fwp%2Fv2%2Fcomments&post=1934"}],"version-history":[{"count":0,"href":"https:\/\/www.ac-germania.com\/index.php?rest_route=\/wp\/v2\/posts\/1934\/revisions"}],"wp:featuredmedia":[{"embeddable":true,"href":"https:\/\/www.ac-germania.com\/index.php?rest_route=\/wp\/v2\/media\/1936"}],"wp:attachment":[{"href":"https:\/\/www.ac-germania.com\/index.php?rest_route=%2Fwp%2Fv2%2Fmedia&parent=1934"}],"wp:term":[{"taxonomy":"category","embeddable":true,"href":"https:\/\/www.ac-germania.com\/index.php?rest_route=%2Fwp%2Fv2%2Fcategories&post=1934"},{"taxonomy":"post_tag","embeddable":true,"href":"https:\/\/www.ac-germania.com\/index.php?rest_route=%2Fwp%2Fv2%2Ftags&post=1934"}],"curies":[{"name":"wp","href":"https:\/\/api.w.org\/{rel}","templated":true}]}}