{"id":1847,"date":"2013-10-31T10:00:12","date_gmt":"2013-10-31T08:00:12","guid":{"rendered":"http:\/\/www.ac-germania.com\/?p=1847"},"modified":"2013-10-31T15:15:35","modified_gmt":"2013-10-31T14:15:35","slug":"vorschau-regionalligateam-und-nachwuchs-auf-reisen","status":"publish","type":"post","link":"https:\/\/www.ac-germania.com\/?p=1847","title":{"rendered":"Vorschau: Regionalligateam und Nachwuchs auf Reisen"},"content":{"rendered":"<p style=\"text-align: center;\"><img loading=\"lazy\" decoding=\"async\" class=\"aligncenter  wp-image-1853\" style=\"border: 1px solid black;\" alt=\"2013-10-30-001\" src=\"https:\/\/www.ac-germania.com\/A_ACG\/wordpress\/wp-content\/uploads\/2013\/10\/2013-10-30-001.jpg\" width=\"800\" height=\"275\" srcset=\"https:\/\/www.ac-germania.com\/A_ACG\/wordpress\/wp-content\/uploads\/2013\/10\/2013-10-30-001.jpg 800w, https:\/\/www.ac-germania.com\/A_ACG\/wordpress\/wp-content\/uploads\/2013\/10\/2013-10-30-001-300x103.jpg 300w, https:\/\/www.ac-germania.com\/A_ACG\/wordpress\/wp-content\/uploads\/2013\/10\/2013-10-30-001-150x51.jpg 150w\" sizes=\"auto, (max-width: 800px) 100vw, 800px\" \/><em>Genau wie im Vorrundenkampf wollen die Germanen auch in Wei\u00dfwasser jubeln.<\/em><\/p>\n<p>F\u00fcr das Regionalligateam des AC Germania Artern steht am kommenden Wochenende die weiteste Ausw\u00e4rtsreise in dieser Saison auf dem Programm, Gastgeber in diesem Duell ist der Tabellenvorletzte aus Wei\u00dfwasser.<\/p>\n<p><strong> Die bisherige Saison verlief f\u00fcr die Oberlausitzer sehr durchwachsen, in neun K\u00e4mpfen stehen drei Siege und sechs Niederlagen zu Buche.<\/strong> Damit stehen die \u201eGr\u00fcn-Wei\u00dfen\u201c punktgleich mit dem AC Auerbach auf dem vorletzten Rang in der Tabelle der Staffel B. \u00a0Die drei Siege konnten jeweils gegen Schlusslicht Gelenau\/Z\u00f6blitz\/Zschopau (19:20 &amp; 21:16) sowie etwas \u00fcberraschend gegen Lugau (24:15) eingefahren werden.<\/p>\n<p><strong> Im Vorrundenkampf gegen den ACG kam Wei\u00dfwasser in der Unstruthalle mit 33:6 unter die R\u00e4der, nur Matthias M\u00fcckisch (74kg\/GR) konnte sich einen Sieg erk\u00e4mpfen.<\/strong> Damit sind die Germanen als ungeschlagener Tabellenf\u00fchrer einmal mehr in der Favoritenrolle, trotzdem wird das Trainerteam um Michael Getschmann nichts riskieren und eine schlagkr\u00e4ftige Mannschaft ins 320km entfernte Wei\u00dfwasser schicken. <strong>Kampfbeginn ist bereits 17.00 Uhr.<\/strong><\/p>\n<p><a href=\"http:\/\/www.sv-gw-weisswasser.de\/\" target=\"_blank\">&gt;&gt;Hier gehts zur Website des SV Gr\u00fcn Weiss Wei\u00dfwasser<\/a><\/p>\n<p><a title=\"Weiterer deutlicher Sieg beschert Germanen Tabellenf\u00fchrung\" href=\"https:\/\/www.ac-germania.com\/?p=1707\">&gt;&gt;Hier gehts zum Hinrundenkampf<\/a><\/p>\n<p><a href=\"http:\/\/www.liga-db.de\/nvligendb.asp?WCI=Std&amp;FID=1&amp;fem=2&amp;BegegnungsID=36598&amp;SLID=572\" target=\"_blank\">&gt;&gt;Hier gehts zu den Einzelergebnissen aus dem Hinrundenkampf<\/a><\/p>\n<p>Auch die Nachwuchsabteilung begibt sich am Samstag auf eine Reise nach Berlin, dort findet das Werner-Seelenbinder-Gedenkturnier in den Altersklassen Sch\u00fcler, Kadetten und Junioren statt. <strong>Die beiden Nachwuchstrainer Gerhard G\u00fcnther und Marcel M\u00fcnchhoff werden mit f\u00fcnf Athleten zu diesem Wettkampf in die Bundeshauptstadt reisen und versuchen gute Platzierungen zu erk\u00e4mpfen.<\/strong><\/p>\n<p><a href=\"http:\/\/www.bucher-ringer.de\/\" target=\"_blank\">&gt;&gt;Hier gehts zur Website des Ausrichters SV Berlin-Buch<\/a><a href=\"http:\/\/www.sv-gw-weisswasser.de\/\" target=\"_blank\"><br \/>\n<\/a><\/p>\n","protected":false},"excerpt":{"rendered":"<p>Genau wie im Vorrundenkampf wollen die Germanen auch in Wei\u00dfwasser jubeln. F\u00fcr das Regionalligateam des AC Germania Artern steht am kommenden Wochenende die weiteste Ausw\u00e4rtsreise in dieser Saison auf dem Programm, Gastgeber in diesem Duell ist der Tabellenvorletzte aus Wei\u00dfwasser. Die bisherige Saison verlief f\u00fcr die Oberlausitzer sehr durchwachsen, in \u2026 <a class=\"continue-reading-link\" href=\"https:\/\/www.ac-germania.com\/?p=1847\">Weiterlesen <span class=\"meta-nav\">&rarr; <\/span><\/a><\/p>\n","protected":false},"author":1,"featured_media":1853,"comment_status":"open","ping_status":"open","sticky":false,"template":"","format":"standard","meta":{"footnotes":""},"categories":[4],"tags":[],"class_list":["post-1847","post","type-post","status-publish","format-standard","has-post-thumbnail","hentry","category-news-2013"],"_links":{"self":[{"href":"https:\/\/www.ac-germania.com\/index.php?rest_route=\/wp\/v2\/posts\/1847","targetHints":{"allow":["GET"]}}],"collection":[{"href":"https:\/\/www.ac-germania.com\/index.php?rest_route=\/wp\/v2\/posts"}],"about":[{"href":"https:\/\/www.ac-germania.com\/index.php?rest_route=\/wp\/v2\/types\/post"}],"author":[{"embeddable":true,"href":"https:\/\/www.ac-germania.com\/index.php?rest_route=\/wp\/v2\/users\/1"}],"replies":[{"embeddable":true,"href":"https:\/\/www.ac-germania.com\/index.php?rest_route=%2Fwp%2Fv2%2Fcomments&post=1847"}],"version-history":[{"count":0,"href":"https:\/\/www.ac-germania.com\/index.php?rest_route=\/wp\/v2\/posts\/1847\/revisions"}],"wp:featuredmedia":[{"embeddable":true,"href":"https:\/\/www.ac-germania.com\/index.php?rest_route=\/wp\/v2\/media\/1853"}],"wp:attachment":[{"href":"https:\/\/www.ac-germania.com\/index.php?rest_route=%2Fwp%2Fv2%2Fmedia&parent=1847"}],"wp:term":[{"taxonomy":"category","embeddable":true,"href":"https:\/\/www.ac-germania.com\/index.php?rest_route=%2Fwp%2Fv2%2Fcategories&post=1847"},{"taxonomy":"post_tag","embeddable":true,"href":"https:\/\/www.ac-germania.com\/index.php?rest_route=%2Fwp%2Fv2%2Ftags&post=1847"}],"curies":[{"name":"wp","href":"https:\/\/api.w.org\/{rel}","templated":true}]}}