{"id":1701,"date":"2013-09-21T10:21:51","date_gmt":"2013-09-21T08:21:51","guid":{"rendered":"http:\/\/www.ac-germania.com\/?p=1701"},"modified":"2013-09-21T10:30:29","modified_gmt":"2013-09-21T08:30:29","slug":"erfolgreicher-acg-nachwuchs-beim-geiseltalcup-in-braunsbedra","status":"publish","type":"post","link":"https:\/\/www.ac-germania.com\/?p=1701","title":{"rendered":"Erfolgreicher ACG-Nachwuchs beim Geiseltalcup in Braunsbedra"},"content":{"rendered":"<p>Letzten Sonntag sind die Jungen Wilden des AC Germania Artern der Einladung zum 5. Geiseltal-Cup nach Braunsbedra gefolgt. An der Wettkampfst\u00e4tte hatten sich 211 Sportler und Sportlerinnen aus 27 Vereinen zum Kampf auf der Matte gestellt. Der AC Gemania \u00a0Artern stellte mit neun Startern nur ein kleine Delegation zu diesem Wettkampf. Trainer Marcell M\u00fcnchhoff hatte seine Sportler vorab gut auf dieses Turnier eingestellt. Nach spannenden Vorrundenk\u00e4mpfen, standen am Nachmittag die Finalpaarungen an.<\/p>\n<p style=\"text-align: center;\"><img loading=\"lazy\" decoding=\"async\" class=\"aligncenter  wp-image-1702\" style=\"border: 1px solid black;\" alt=\"2013-09-15-001\" src=\"https:\/\/www.ac-germania.com\/A_ACG\/wordpress\/wp-content\/uploads\/2013\/09\/2013-09-15-001.jpg\" width=\"800\" height=\"745\" srcset=\"https:\/\/www.ac-germania.com\/A_ACG\/wordpress\/wp-content\/uploads\/2013\/09\/2013-09-15-001.jpg 800w, https:\/\/www.ac-germania.com\/A_ACG\/wordpress\/wp-content\/uploads\/2013\/09\/2013-09-15-001-300x279.jpg 300w, https:\/\/www.ac-germania.com\/A_ACG\/wordpress\/wp-content\/uploads\/2013\/09\/2013-09-15-001-150x139.jpg 150w, https:\/\/www.ac-germania.com\/A_ACG\/wordpress\/wp-content\/uploads\/2013\/09\/2013-09-15-001-500x465.jpg 500w\" sizes=\"auto, (max-width: 800px) 100vw, 800px\" \/><\/p>\n<p>Pascal Filla (25kg) und Marco Kr\u00fcger (28kg) waren diesmal nicht gut drauf und konnten sich nicht platzieren. F\u00fcr Max Neubert (31kg) lief alles wie gew\u00fcnscht, er konnte alle vier Gegner auf Schultern besiegen und erk\u00e4mpfte sich somit den 1. Platz in der E-Jugend.<\/p>\n<p>Die Sportler der D-Jugend Tristan Herzog und Luca Bauer unterlagen ihre Vork\u00e4mpfe ziemlich deutlich .Georg Schulz k\u00e4mpfte bis 34kg, er konnte zwei K\u00e4mpfe gewinnen und verlor zwei K\u00e4mpfe, damit wurde er vierter. Jonas Michel rang bis 46kg, er konnte drei Siege und eine Niederlage, erk\u00e4mpfen und stand im kleinen Finale um Platz drei, dort bezwang er seinen Gegner auf Schulter und belegte den dritten Platz.<\/p>\n<p>Bei den weiblichen Startern des ACG erk\u00e4mpfte Freya Herzog (54kg) den dritten Platz, Lena Bauer (34kg) konnte sich leider nicht platzieren.<\/p>\n","protected":false},"excerpt":{"rendered":"<p>Letzten Sonntag sind die Jungen Wilden des AC Germania Artern der Einladung zum 5. Geiseltal-Cup nach Braunsbedra gefolgt. An der Wettkampfst\u00e4tte hatten sich 211 Sportler und Sportlerinnen aus 27 Vereinen zum Kampf auf der Matte gestellt. Der AC Gemania \u00a0Artern stellte mit neun Startern nur ein kleine Delegation zu diesem \u2026 <a class=\"continue-reading-link\" href=\"https:\/\/www.ac-germania.com\/?p=1701\">Weiterlesen <span class=\"meta-nav\">&rarr; <\/span><\/a><\/p>\n","protected":false},"author":1,"featured_media":1702,"comment_status":"open","ping_status":"open","sticky":false,"template":"","format":"standard","meta":{"footnotes":""},"categories":[4],"tags":[],"class_list":["post-1701","post","type-post","status-publish","format-standard","has-post-thumbnail","hentry","category-news-2013"],"_links":{"self":[{"href":"https:\/\/www.ac-germania.com\/index.php?rest_route=\/wp\/v2\/posts\/1701","targetHints":{"allow":["GET"]}}],"collection":[{"href":"https:\/\/www.ac-germania.com\/index.php?rest_route=\/wp\/v2\/posts"}],"about":[{"href":"https:\/\/www.ac-germania.com\/index.php?rest_route=\/wp\/v2\/types\/post"}],"author":[{"embeddable":true,"href":"https:\/\/www.ac-germania.com\/index.php?rest_route=\/wp\/v2\/users\/1"}],"replies":[{"embeddable":true,"href":"https:\/\/www.ac-germania.com\/index.php?rest_route=%2Fwp%2Fv2%2Fcomments&post=1701"}],"version-history":[{"count":0,"href":"https:\/\/www.ac-germania.com\/index.php?rest_route=\/wp\/v2\/posts\/1701\/revisions"}],"wp:featuredmedia":[{"embeddable":true,"href":"https:\/\/www.ac-germania.com\/index.php?rest_route=\/wp\/v2\/media\/1702"}],"wp:attachment":[{"href":"https:\/\/www.ac-germania.com\/index.php?rest_route=%2Fwp%2Fv2%2Fmedia&parent=1701"}],"wp:term":[{"taxonomy":"category","embeddable":true,"href":"https:\/\/www.ac-germania.com\/index.php?rest_route=%2Fwp%2Fv2%2Fcategories&post=1701"},{"taxonomy":"post_tag","embeddable":true,"href":"https:\/\/www.ac-germania.com\/index.php?rest_route=%2Fwp%2Fv2%2Ftags&post=1701"}],"curies":[{"name":"wp","href":"https:\/\/api.w.org\/{rel}","templated":true}]}}