{"id":12419,"date":"2025-08-24T11:49:51","date_gmt":"2025-08-24T09:49:51","guid":{"rendered":"https:\/\/www.ac-germania.com\/?p=12419"},"modified":"2025-09-01T11:55:34","modified_gmt":"2025-09-01T09:55:34","slug":"auftakt-nach-mass","status":"publish","type":"post","link":"https:\/\/www.ac-germania.com\/?p=12419","title":{"rendered":"Auftakt nach Ma\u00df"},"content":{"rendered":"<h5>Bericht: Tim Walther Bilder: Manja Braunsdorf<\/h5>\n<p>Der AC Germania Artern startet mit Heimsieg in die Saison!!<\/p>\n<p>Mit Spannung wurde der erste Regionalliga-Kampf der Saison in Artern erwartet \u2013 und er hatte alles zu bieten, was man sich w\u00fcnscht: Nervenkitzel, \u00dcberraschungen und spektakul\u00e4re Schultersiege.<br \/>\nAm Ende jubelte der AC Germania Artern vor heimischer Kulisse \u00fcber einen verdienten 20:16-Erfolg gegen den Auftaktgegner RC Germania Potsdam.<\/p>\n<p>Schon vor dem ersten Anpfiff kam das Trainerteam im Vorfeld gedanklich ins ins Schwitzen: Sebastian Warchol weilte bei der U20-WM, Ondra Havelka war im Trainingslager und die Verletzung von Max Neubert machte die Aufstellung zum taktischen Schachspiel. Doch p\u00fcnktlich zum Samstagabend standen zehn K\u00e4mpfer in Rot auf der Matte bereit und lieferten sich einen intensiven Schlagabtausch mit den G\u00e4sten.<\/p>\n<p>Den Auftakt in der Gewichtsklasse bis 61 kg Freistil machte Neuzugang Tjark Berg. Doch Tjark hatte mit Rafal Szewc, dem Bronzemedaillengewinner der diesj\u00e4hrigen polnischen Meisterschaften und einem international erfahrenen K\u00e4mpfer, einen echten Brocken vor der Brust bekommen. Der Potsdamer lie\u00df nichts anbrennen und sicherte sich mit blitzschnellen Beinangriffen und Rollen verdient die technische \u00dcberlegenheit \u00fcber Tjark.<br \/>\nIn der Schwergewichtsklasse (130 kg, griechisch-r\u00f6misch) kam es zum Duell zwischen Maximilian Heft und Francis Weinhold. Nach verhaltenem Beginn nutzte der Potsdamer eine Unachtsamkeit und punktete mit einem Schulterschwung zum anschlie\u00dfenden Schultersieg f\u00fcr Potsdam. Ein Dank hier an \u201eHefti\u201c, der einmal mehr in die Bresche sprang, wenn er gebraucht wurde.<br \/>\nAndre G\u00fcnther durfte sich \u00fcber kampflose Punkte freuen, da Potsdam in der Gewichtsklasse 66kg (GR) keinen Athleten stellen konnte.<br \/>\nDanach sorgte Michal Pietrzak (98 kg, Freistil) f\u00fcr den ersten Jubelsturm in der Unstruthalle. Mit einem blitzschnellen Wurf und der folgenden Bodenlage lie\u00df er seinem Gegner, Vincent Missel, keine Chance und schulterte ihn nach knapp zwei Minuten zum Sieg.<br \/>\nAuch Malte Guthmann gab bei seinem Deb\u00fct bei den Arterner Germanen im Limit bis 71 kg Freistil ein klares Statement ab und begeisterte die Zuschauer. Nach nur einer Minute bef\u00f6rderte er seinen Kontrahenten Nicolas Schmidt-Bohn auf beide Schultern.<\/p>\n<p>Nach nicht einmal sechs Minuten Netto-Kampfzeit stand es zur Pause 12:8 f\u00fcr Artern \u2013 ein durchaus verhei\u00dfungsvoller Start.<\/p>\n<p>Doch die zweite H\u00e4lfte sollte noch einmal alles auf den Kopf stellen und spannend werden.<br \/>\nBis 86 kg Griechisch-R\u00f6misch entwickelte sich das Duell zwischen Ivan Markovets und Simon Papsdorf zum echten Thriller. Ivan dominierte zun\u00e4chst, f\u00fchrte 13:0, und schien einem vorzeitigen Sieg entgegenzusteuern. Doch der Potsdamer drehte auf, nutzte Ivans nachlassende Kondition und rang sich Punkt um Punkt heran bis er sechs Sekunden vor Schluss sogar noch einen Schultersieg holte. Die Halle verstummte f\u00fcr einen Moment.<\/p>\n<p>Doch der n\u00e4chste Knall lie\u00df nicht lange auf sich warten. Marcus Winter (75 kg, griechisch-r\u00f6misch) k\u00e4mpfte als N\u00e4chstes gegen Armen Mahakian. Fr\u00fch lag Marcus 0:4 zur\u00fcck. Doch er gab nicht auf und konnte folgend zu seinem legend\u00e4ren Kopfh\u00fcftschwung ansetzen. Es folgten 20 Sekunden Br\u00fcckenkampf. Die Halle hielt den Atem an, dann der erl\u00f6sende Klopfer des Kampfrichters Michel Breidel aus Zschopau. Schultersieg f\u00fcr Winter! Die Halle bebte.<\/p>\n<p>16:12<\/p>\n<p>Im folgenden Kampf musste Neuzugang Dmytro Shkromada (80 kg, Freistil) gegen den polnischen Meister Mateusz Pedzicki eine klare Vorgabe erf\u00fcllen: Keine 4 Punkte abgeben! &#8222;Dima&#8220; rang konzentriert, hielt lange mit, verlor aber schlie\u00dflich 1:10.<\/p>\n<p>16:15<\/p>\n<p>Den Sack zu machte Neuzugang Fabian Niedzwiedzki (75 kg Freistil). Mit sehenswerten Beinangriffen und Rollen sicherte er sich die technische \u00dcberlegenheit \u00fcber Robert Schl\u00e4fke und damit den ersten pers\u00f6nlichen Sieg im Germania-Trikot.<\/p>\n<p>20:15<\/p>\n<p>Zum Abschluss trat Michal Tomaszewski (80 kg, griechisch-r\u00f6misch) gegen Danial Varga an. Es folgten sechs Minuten Kampf auf Augenh\u00f6he. Jede noch so kleine Situation k\u00e4mpften beide Sportler aus. Am Ende stand ein 4:4 auf der Anzeigetafel mit dem besseren Ausgang zugunsten des Potsdamers und einem Punkt f\u00fcrs Punktekonto der G\u00e4ste.<br \/>\nDoch das \u00e4nderte nichts mehr am Gesamtergebnis.<\/p>\n<p>Erster Kampf der neuen Regionalliga Saison 2025 \u2013 abgehakt. Erster Sieg \u2013 auch abgehakt.<\/p>\n<p>Die Mannschaft bewies Kampfgeist und auch die Neuzug\u00e4nge setzten ein Ausrufezeichen. Die Fans konnten sehen: Unsere Ringer sind motiviert, k\u00e4mpferisch und bereit f\u00fcr diese Saison.<\/p>\n<p>Doch an der Stimmung geht noch mehr \u2013 Fans, wir brauchen euch lauter, st\u00e4rker und un\u00fcberh\u00f6rbar! Ihr seid unser &#8222;elfter Mann&#8220;. Wir brauchen euch, um die Mannschaft auf der Matte zu unterst\u00fctzen.<\/p>\n<p>Denn die Aufgaben werden nicht leichter. Bereits kommende Woche, am 30.08., steht der n\u00e4chsten Kampftag zu Hause an und da kommt, mit dem AC Werdau, einer der Titelfavoriten der Liga nach Artern zu Gast.<\/p>\n<p>Da gilt es erneut! Seid dabei! Wir freuen uns drauf!<\/p>\n<p><img loading=\"lazy\" decoding=\"async\" class=\"aligncenter size-full wp-image-12420\" src=\"https:\/\/www.ac-germania.com\/A_ACG\/wordpress\/wp-content\/uploads\/2025\/09\/IMG_0817.jpeg\" alt=\"\" width=\"2048\" height=\"956\" srcset=\"https:\/\/www.ac-germania.com\/A_ACG\/wordpress\/wp-content\/uploads\/2025\/09\/IMG_0817.jpeg 2048w, https:\/\/www.ac-germania.com\/A_ACG\/wordpress\/wp-content\/uploads\/2025\/09\/IMG_0817-300x140.jpeg 300w, https:\/\/www.ac-germania.com\/A_ACG\/wordpress\/wp-content\/uploads\/2025\/09\/IMG_0817-1024x478.jpeg 1024w, https:\/\/www.ac-germania.com\/A_ACG\/wordpress\/wp-content\/uploads\/2025\/09\/IMG_0817-768x359.jpeg 768w, https:\/\/www.ac-germania.com\/A_ACG\/wordpress\/wp-content\/uploads\/2025\/09\/IMG_0817-1536x717.jpeg 1536w, https:\/\/www.ac-germania.com\/A_ACG\/wordpress\/wp-content\/uploads\/2025\/09\/IMG_0817-150x70.jpeg 150w, https:\/\/www.ac-germania.com\/A_ACG\/wordpress\/wp-content\/uploads\/2025\/09\/IMG_0817-250x117.jpeg 250w\" sizes=\"auto, (max-width: 2048px) 100vw, 2048px\" \/> <img loading=\"lazy\" decoding=\"async\" class=\"aligncenter size-full wp-image-12421\" src=\"https:\/\/www.ac-germania.com\/A_ACG\/wordpress\/wp-content\/uploads\/2025\/09\/IMG_0816.jpeg\" alt=\"\" width=\"2048\" height=\"1365\" srcset=\"https:\/\/www.ac-germania.com\/A_ACG\/wordpress\/wp-content\/uploads\/2025\/09\/IMG_0816.jpeg 2048w, https:\/\/www.ac-germania.com\/A_ACG\/wordpress\/wp-content\/uploads\/2025\/09\/IMG_0816-300x200.jpeg 300w, https:\/\/www.ac-germania.com\/A_ACG\/wordpress\/wp-content\/uploads\/2025\/09\/IMG_0816-1024x683.jpeg 1024w, https:\/\/www.ac-germania.com\/A_ACG\/wordpress\/wp-content\/uploads\/2025\/09\/IMG_0816-768x512.jpeg 768w, https:\/\/www.ac-germania.com\/A_ACG\/wordpress\/wp-content\/uploads\/2025\/09\/IMG_0816-1536x1024.jpeg 1536w, https:\/\/www.ac-germania.com\/A_ACG\/wordpress\/wp-content\/uploads\/2025\/09\/IMG_0816-150x100.jpeg 150w, https:\/\/www.ac-germania.com\/A_ACG\/wordpress\/wp-content\/uploads\/2025\/09\/IMG_0816-225x150.jpeg 225w\" sizes=\"auto, (max-width: 2048px) 100vw, 2048px\" \/> <img loading=\"lazy\" decoding=\"async\" class=\"aligncenter size-full wp-image-12422\" src=\"https:\/\/www.ac-germania.com\/A_ACG\/wordpress\/wp-content\/uploads\/2025\/09\/IMG_0815.jpeg\" alt=\"\" width=\"2048\" height=\"1365\" srcset=\"https:\/\/www.ac-germania.com\/A_ACG\/wordpress\/wp-content\/uploads\/2025\/09\/IMG_0815.jpeg 2048w, https:\/\/www.ac-germania.com\/A_ACG\/wordpress\/wp-content\/uploads\/2025\/09\/IMG_0815-300x200.jpeg 300w, https:\/\/www.ac-germania.com\/A_ACG\/wordpress\/wp-content\/uploads\/2025\/09\/IMG_0815-1024x683.jpeg 1024w, https:\/\/www.ac-germania.com\/A_ACG\/wordpress\/wp-content\/uploads\/2025\/09\/IMG_0815-768x512.jpeg 768w, https:\/\/www.ac-germania.com\/A_ACG\/wordpress\/wp-content\/uploads\/2025\/09\/IMG_0815-1536x1024.jpeg 1536w, https:\/\/www.ac-germania.com\/A_ACG\/wordpress\/wp-content\/uploads\/2025\/09\/IMG_0815-150x100.jpeg 150w, https:\/\/www.ac-germania.com\/A_ACG\/wordpress\/wp-content\/uploads\/2025\/09\/IMG_0815-225x150.jpeg 225w\" sizes=\"auto, (max-width: 2048px) 100vw, 2048px\" \/><\/p>\n<p>&nbsp;<\/p>\n","protected":false},"excerpt":{"rendered":"<p>Bericht: Tim Walther Bilder: Manja Braunsdorf Der AC Germania Artern startet mit Heimsieg in die Saison!! Mit Spannung wurde der erste Regionalliga-Kampf der Saison in Artern erwartet \u2013 und er hatte alles zu bieten, was man sich w\u00fcnscht: Nervenkitzel, \u00dcberraschungen und spektakul\u00e4re Schultersiege. Am Ende jubelte der AC Germania Artern \u2026 <a class=\"continue-reading-link\" href=\"https:\/\/www.ac-germania.com\/?p=12419\">Weiterlesen <span class=\"meta-nav\">&rarr; <\/span><\/a><\/p>\n","protected":false},"author":2,"featured_media":12420,"comment_status":"open","ping_status":"open","sticky":false,"template":"","format":"standard","meta":{"footnotes":""},"categories":[22],"tags":[],"class_list":["post-12419","post","type-post","status-publish","format-standard","has-post-thumbnail","hentry","category-news-2025"],"_links":{"self":[{"href":"https:\/\/www.ac-germania.com\/index.php?rest_route=\/wp\/v2\/posts\/12419","targetHints":{"allow":["GET"]}}],"collection":[{"href":"https:\/\/www.ac-germania.com\/index.php?rest_route=\/wp\/v2\/posts"}],"about":[{"href":"https:\/\/www.ac-germania.com\/index.php?rest_route=\/wp\/v2\/types\/post"}],"author":[{"embeddable":true,"href":"https:\/\/www.ac-germania.com\/index.php?rest_route=\/wp\/v2\/users\/2"}],"replies":[{"embeddable":true,"href":"https:\/\/www.ac-germania.com\/index.php?rest_route=%2Fwp%2Fv2%2Fcomments&post=12419"}],"version-history":[{"count":2,"href":"https:\/\/www.ac-germania.com\/index.php?rest_route=\/wp\/v2\/posts\/12419\/revisions"}],"predecessor-version":[{"id":12424,"href":"https:\/\/www.ac-germania.com\/index.php?rest_route=\/wp\/v2\/posts\/12419\/revisions\/12424"}],"wp:featuredmedia":[{"embeddable":true,"href":"https:\/\/www.ac-germania.com\/index.php?rest_route=\/wp\/v2\/media\/12420"}],"wp:attachment":[{"href":"https:\/\/www.ac-germania.com\/index.php?rest_route=%2Fwp%2Fv2%2Fmedia&parent=12419"}],"wp:term":[{"taxonomy":"category","embeddable":true,"href":"https:\/\/www.ac-germania.com\/index.php?rest_route=%2Fwp%2Fv2%2Fcategories&post=12419"},{"taxonomy":"post_tag","embeddable":true,"href":"https:\/\/www.ac-germania.com\/index.php?rest_route=%2Fwp%2Fv2%2Ftags&post=12419"}],"curies":[{"name":"wp","href":"https:\/\/api.w.org\/{rel}","templated":true}]}}