{"id":12380,"date":"2025-06-08T10:01:56","date_gmt":"2025-06-08T08:01:56","guid":{"rendered":"https:\/\/www.ac-germania.com\/?p=12380"},"modified":"2025-08-26T10:04:41","modified_gmt":"2025-08-26T08:04:41","slug":"unsere-maenner-bei-den-german-masters","status":"publish","type":"post","link":"https:\/\/www.ac-germania.com\/?p=12380","title":{"rendered":"Unsere M\u00e4nner bei den German Masters"},"content":{"rendered":"<h5>Bericht: Manja Braunsdorf Bilder: Max Scholz &amp; Holger Quandt<\/h5>\n<p>Nun ist schon wieder eine Woche her, aber wir sind immer noch erfreut \u00fcber die Ergebnisse unserer M\u00e4nnerriege bei den German Masters.<\/p>\n<p>Mit einer kleinen Abordnung reisten Christian Mehlig, Andr\u00e9 G\u00fcnther und Maximilian Heft am Vatertag ins baden-w\u00fcrttembergische Ehningen zu den diesj\u00e4hrigen German Masters. Ja, liebe Sportfreunde, mittlerweile haben sie alle das notwendige Alter f\u00fcr die j\u00fcngste Altersklasse bei den Masters erreicht. Am Freitag Vormittag war bereits Wiegen und ab Mittag starteten die Wettk\u00e4mpfe f\u00fcr die Freistiler.<\/p>\n<p>Hier mussten dann gleich Maximilan und Christian ran. Maximilian startete im Limit bis 88 kg und hatte 11 Kontrahenten auf seiner Liste. Eine starke Gewichtsklasse. Gegen seine ersten beiden Gegner aus Hannover und Greiz in seinem Pool fand er nicht das richtige Mittel und schied daher leider aus. F\u00fcr Christian lief es in seiner Gewichtsklasse besser. Im Limit bis 100 kg musste er sich nach einem Schultersieg gegen Stefan Peters aus Schonung nur Siavash Abdimanesh aus Erlangen geschlagen geben und erk\u00e4mpfte damit den 2. Platz. Ein toller Abschluss f\u00fcr den ersten Tag.<\/p>\n<p>Am Samstag starteten dann die Wettk\u00e4mpfe im griechisch-r\u00f6mischen Stil. Nun griff auch Andr\u00e9 ins Geschehen ein. Er erwischte ebenfalls eine mit 11 Sportlern gut besetzte Gewichtsklasse. In seinem Limit bis 70 kg traf er bereits im ersten Kampf auf Sportfreund Marcus Breitschuh vom KAV Mansfelder Land. Beide kennen sich gut und Marcus hatte hier die besseren &#8222;Argumente&#8220; und siegte verdient. Die nachfolgenden K\u00e4mpfe im Pool konnte Andr\u00e9 dann gegen Sami Ghabr von der TSG Backnang technisch \u00fcberlegen und gegen<br \/>\nSascha Grohs vom KSV Trossingen mit einem Punktsieg f\u00fcr sich entscheiden. Damit wurde er Zweiter im Pool und erreichte den Finalkampf um Bronze. Hier musste er sich gegen<br \/>\nMichael Wettlin vom VfK M\u00fchlenbach knapp nach Punkten geschlagen geben. Ein achtbarer, aber bisschen ungl\u00fccklicher, vierter Platz waren der Lohn.<br \/>\nMaximilian und Christian traten auch im griechisch-r\u00f6mischen Stil in ihren Gewichtsklassen nochmal an. Hier lief es f\u00fcr Maximilian besser. Mit zwei Niederlagen und zwei Punktsiegen gegen Jan Hoffmann vom<br \/>\nSC Korb und Volodymyr Chyzh vom<br \/>\nRSC Fulda konnte Maximilian nun den 5. Platz f\u00fcr sich verbuchen. Christian hatte in diesem Stil nicht so viel Gl\u00fcck. Er konnte seinen Gegnern hier nichts entgegensetzen. Auch f\u00fcr ihn stand am Ende der 5. Platz im Protokoll.<\/p>\n<p>Und mit einem Ende \u00fcberraschte Christian an diesem Tag auch seine Mitstreiter und den Verein. Er sagte nun dem Wettkampfsport &#8222;adieu&#8220; und beendete mit dieser tollen Silbermedaille seine aktive Laufbahn. Er selbst fand dazu folgende Worte: &#8222;Nun ist es offiziell, nach 27 Jahren Wettkampfsport ist nun Schluss! Danke an Alle, die mich auf diesen Weg bis zum letzten Kampf begleitet und unterst\u00fctzt haben! Riesen Dank geht auch an meine Frau, die bis zum letzten Kampf an meiner Seite gestanden hat!&#8220;<\/p>\n<p>Lieber Christian, auch wir sagen DANKE f\u00fcr die gemeinsame Zeit und deinen Einsatz auf und neben der Matte. Wir w\u00fcnschen Dir und Deiner Familie alles Gute und wir hoffen, man sieht sich weiterhin.<\/p>\n<p>Wir gratulieren den Dreien zu ihren guten Ergebnissen. Sie zeigten sich zufrieden und begeistert von diesen gro\u00dfen Event. Andr\u00e9 ist zuversichtlich, dass man auch &#8222;im n\u00e4chsten Jahr in Warnem\u00fcnde wieder mit dabei ist!&#8220;.<\/p>\n<p>Tatkr\u00e4ftig unterst\u00fctzt wurden die drei M\u00e4nner durch unseren Max Scholz. Als Zeugwart, Motivator und Hilfe auf der Mattenecke half er, wo er nur konnte. Vielen Dank daf\u00fcr!<\/p>\n<p>Der Gl\u00fcckwunsch geht hiermit auch an die andere Sportfreunde vom Landesverband Sachsen-Anhalt f\u00fcr ihre Erfolge.<\/p>\n<p><img loading=\"lazy\" decoding=\"async\" class=\"aligncenter size-full wp-image-12381\" src=\"https:\/\/www.ac-germania.com\/A_ACG\/wordpress\/wp-content\/uploads\/2025\/08\/IMG_0809.jpeg\" alt=\"\" width=\"2048\" height=\"1365\" srcset=\"https:\/\/www.ac-germania.com\/A_ACG\/wordpress\/wp-content\/uploads\/2025\/08\/IMG_0809.jpeg 2048w, https:\/\/www.ac-germania.com\/A_ACG\/wordpress\/wp-content\/uploads\/2025\/08\/IMG_0809-300x200.jpeg 300w, https:\/\/www.ac-germania.com\/A_ACG\/wordpress\/wp-content\/uploads\/2025\/08\/IMG_0809-1024x683.jpeg 1024w, https:\/\/www.ac-germania.com\/A_ACG\/wordpress\/wp-content\/uploads\/2025\/08\/IMG_0809-768x512.jpeg 768w, https:\/\/www.ac-germania.com\/A_ACG\/wordpress\/wp-content\/uploads\/2025\/08\/IMG_0809-1536x1024.jpeg 1536w, https:\/\/www.ac-germania.com\/A_ACG\/wordpress\/wp-content\/uploads\/2025\/08\/IMG_0809-150x100.jpeg 150w, https:\/\/www.ac-germania.com\/A_ACG\/wordpress\/wp-content\/uploads\/2025\/08\/IMG_0809-225x150.jpeg 225w\" sizes=\"auto, (max-width: 2048px) 100vw, 2048px\" \/> <img loading=\"lazy\" decoding=\"async\" class=\"aligncenter size-full wp-image-12382\" src=\"https:\/\/www.ac-germania.com\/A_ACG\/wordpress\/wp-content\/uploads\/2025\/08\/IMG_0808.jpeg\" alt=\"\" width=\"1600\" height=\"1200\" srcset=\"https:\/\/www.ac-germania.com\/A_ACG\/wordpress\/wp-content\/uploads\/2025\/08\/IMG_0808.jpeg 1600w, https:\/\/www.ac-germania.com\/A_ACG\/wordpress\/wp-content\/uploads\/2025\/08\/IMG_0808-300x225.jpeg 300w, https:\/\/www.ac-germania.com\/A_ACG\/wordpress\/wp-content\/uploads\/2025\/08\/IMG_0808-1024x768.jpeg 1024w, https:\/\/www.ac-germania.com\/A_ACG\/wordpress\/wp-content\/uploads\/2025\/08\/IMG_0808-768x576.jpeg 768w, https:\/\/www.ac-germania.com\/A_ACG\/wordpress\/wp-content\/uploads\/2025\/08\/IMG_0808-1536x1152.jpeg 1536w, https:\/\/www.ac-germania.com\/A_ACG\/wordpress\/wp-content\/uploads\/2025\/08\/IMG_0808-150x113.jpeg 150w, https:\/\/www.ac-germania.com\/A_ACG\/wordpress\/wp-content\/uploads\/2025\/08\/IMG_0808-200x150.jpeg 200w\" sizes=\"auto, (max-width: 1600px) 100vw, 1600px\" \/> <img loading=\"lazy\" decoding=\"async\" class=\"aligncenter size-full wp-image-12383\" src=\"https:\/\/www.ac-germania.com\/A_ACG\/wordpress\/wp-content\/uploads\/2025\/08\/IMG_0806.jpeg\" alt=\"\" width=\"1600\" height=\"1200\" srcset=\"https:\/\/www.ac-germania.com\/A_ACG\/wordpress\/wp-content\/uploads\/2025\/08\/IMG_0806.jpeg 1600w, https:\/\/www.ac-germania.com\/A_ACG\/wordpress\/wp-content\/uploads\/2025\/08\/IMG_0806-300x225.jpeg 300w, https:\/\/www.ac-germania.com\/A_ACG\/wordpress\/wp-content\/uploads\/2025\/08\/IMG_0806-1024x768.jpeg 1024w, https:\/\/www.ac-germania.com\/A_ACG\/wordpress\/wp-content\/uploads\/2025\/08\/IMG_0806-768x576.jpeg 768w, https:\/\/www.ac-germania.com\/A_ACG\/wordpress\/wp-content\/uploads\/2025\/08\/IMG_0806-1536x1152.jpeg 1536w, https:\/\/www.ac-germania.com\/A_ACG\/wordpress\/wp-content\/uploads\/2025\/08\/IMG_0806-150x113.jpeg 150w, https:\/\/www.ac-germania.com\/A_ACG\/wordpress\/wp-content\/uploads\/2025\/08\/IMG_0806-200x150.jpeg 200w\" sizes=\"auto, (max-width: 1600px) 100vw, 1600px\" \/> <img loading=\"lazy\" decoding=\"async\" class=\"aligncenter size-full wp-image-12384\" src=\"https:\/\/www.ac-germania.com\/A_ACG\/wordpress\/wp-content\/uploads\/2025\/08\/IMG_0807.jpeg\" alt=\"\" width=\"1600\" height=\"1200\" srcset=\"https:\/\/www.ac-germania.com\/A_ACG\/wordpress\/wp-content\/uploads\/2025\/08\/IMG_0807.jpeg 1600w, https:\/\/www.ac-germania.com\/A_ACG\/wordpress\/wp-content\/uploads\/2025\/08\/IMG_0807-300x225.jpeg 300w, https:\/\/www.ac-germania.com\/A_ACG\/wordpress\/wp-content\/uploads\/2025\/08\/IMG_0807-1024x768.jpeg 1024w, https:\/\/www.ac-germania.com\/A_ACG\/wordpress\/wp-content\/uploads\/2025\/08\/IMG_0807-768x576.jpeg 768w, https:\/\/www.ac-germania.com\/A_ACG\/wordpress\/wp-content\/uploads\/2025\/08\/IMG_0807-1536x1152.jpeg 1536w, https:\/\/www.ac-germania.com\/A_ACG\/wordpress\/wp-content\/uploads\/2025\/08\/IMG_0807-150x113.jpeg 150w, https:\/\/www.ac-germania.com\/A_ACG\/wordpress\/wp-content\/uploads\/2025\/08\/IMG_0807-200x150.jpeg 200w\" sizes=\"auto, (max-width: 1600px) 100vw, 1600px\" \/> <img loading=\"lazy\" decoding=\"async\" class=\"aligncenter size-full wp-image-12385\" src=\"https:\/\/www.ac-germania.com\/A_ACG\/wordpress\/wp-content\/uploads\/2025\/08\/IMG_0805.jpeg\" alt=\"\" width=\"2048\" height=\"1536\" srcset=\"https:\/\/www.ac-germania.com\/A_ACG\/wordpress\/wp-content\/uploads\/2025\/08\/IMG_0805.jpeg 2048w, https:\/\/www.ac-germania.com\/A_ACG\/wordpress\/wp-content\/uploads\/2025\/08\/IMG_0805-300x225.jpeg 300w, https:\/\/www.ac-germania.com\/A_ACG\/wordpress\/wp-content\/uploads\/2025\/08\/IMG_0805-1024x768.jpeg 1024w, https:\/\/www.ac-germania.com\/A_ACG\/wordpress\/wp-content\/uploads\/2025\/08\/IMG_0805-768x576.jpeg 768w, https:\/\/www.ac-germania.com\/A_ACG\/wordpress\/wp-content\/uploads\/2025\/08\/IMG_0805-1536x1152.jpeg 1536w, https:\/\/www.ac-germania.com\/A_ACG\/wordpress\/wp-content\/uploads\/2025\/08\/IMG_0805-150x113.jpeg 150w, https:\/\/www.ac-germania.com\/A_ACG\/wordpress\/wp-content\/uploads\/2025\/08\/IMG_0805-200x150.jpeg 200w\" sizes=\"auto, (max-width: 2048px) 100vw, 2048px\" \/><\/p>\n","protected":false},"excerpt":{"rendered":"<p>Bericht: Manja Braunsdorf Bilder: Max Scholz &amp; Holger Quandt Nun ist schon wieder eine Woche her, aber wir sind immer noch erfreut \u00fcber die Ergebnisse unserer M\u00e4nnerriege bei den German Masters. Mit einer kleinen Abordnung reisten Christian Mehlig, Andr\u00e9 G\u00fcnther und Maximilian Heft am Vatertag ins baden-w\u00fcrttembergische Ehningen zu den \u2026 <a class=\"continue-reading-link\" href=\"https:\/\/www.ac-germania.com\/?p=12380\">Weiterlesen <span class=\"meta-nav\">&rarr; <\/span><\/a><\/p>\n","protected":false},"author":2,"featured_media":12385,"comment_status":"open","ping_status":"open","sticky":false,"template":"","format":"standard","meta":{"footnotes":""},"categories":[22],"tags":[],"class_list":["post-12380","post","type-post","status-publish","format-standard","has-post-thumbnail","hentry","category-news-2025"],"_links":{"self":[{"href":"https:\/\/www.ac-germania.com\/index.php?rest_route=\/wp\/v2\/posts\/12380","targetHints":{"allow":["GET"]}}],"collection":[{"href":"https:\/\/www.ac-germania.com\/index.php?rest_route=\/wp\/v2\/posts"}],"about":[{"href":"https:\/\/www.ac-germania.com\/index.php?rest_route=\/wp\/v2\/types\/post"}],"author":[{"embeddable":true,"href":"https:\/\/www.ac-germania.com\/index.php?rest_route=\/wp\/v2\/users\/2"}],"replies":[{"embeddable":true,"href":"https:\/\/www.ac-germania.com\/index.php?rest_route=%2Fwp%2Fv2%2Fcomments&post=12380"}],"version-history":[{"count":1,"href":"https:\/\/www.ac-germania.com\/index.php?rest_route=\/wp\/v2\/posts\/12380\/revisions"}],"predecessor-version":[{"id":12386,"href":"https:\/\/www.ac-germania.com\/index.php?rest_route=\/wp\/v2\/posts\/12380\/revisions\/12386"}],"wp:featuredmedia":[{"embeddable":true,"href":"https:\/\/www.ac-germania.com\/index.php?rest_route=\/wp\/v2\/media\/12385"}],"wp:attachment":[{"href":"https:\/\/www.ac-germania.com\/index.php?rest_route=%2Fwp%2Fv2%2Fmedia&parent=12380"}],"wp:term":[{"taxonomy":"category","embeddable":true,"href":"https:\/\/www.ac-germania.com\/index.php?rest_route=%2Fwp%2Fv2%2Fcategories&post=12380"},{"taxonomy":"post_tag","embeddable":true,"href":"https:\/\/www.ac-germania.com\/index.php?rest_route=%2Fwp%2Fv2%2Ftags&post=12380"}],"curies":[{"name":"wp","href":"https:\/\/api.w.org\/{rel}","templated":true}]}}