{"id":12369,"date":"2025-05-17T09:54:41","date_gmt":"2025-05-17T07:54:41","guid":{"rendered":"https:\/\/www.ac-germania.com\/?p=12369"},"modified":"2025-08-26T10:00:36","modified_gmt":"2025-08-26T08:00:36","slug":"maenner-gut-schaut-ihr-aus","status":"publish","type":"post","link":"https:\/\/www.ac-germania.com\/?p=12369","title":{"rendered":"M\u00e4nner, gut schaut ihr aus!!"},"content":{"rendered":"<h5>Beitrag: Manja Braunsdorf<\/h5>\n<p>Mit dem ersten gemeinsamen Trainingslager startet der AC Germania Artern in die Regionalliga Saison 2025. Die rund 30 anwesenden Sportler schwitzen ordentlich zusammen im Haus der Ringer und pr\u00fcften gegenseitig den Trainingstand.<br \/>\nWir danken der durchtrainierten Delegation aus Kiel f\u00fcr die Teilnahme an unserem Trainingslager. Das k\u00f6nnen wir gern wiederholen! Auch unsere M\u00e4nner gaben ordentlich Gas und so verdienten sich alle das Abendessen und gem\u00fctliche Beisammensein an der Feuerschale<\/p>\n<p>Ein gro\u00dfes Dankesch\u00f6n geht heute wieder an Brigitte, Kristin und Uwe, die die Versorgung der Truppe sicherstellten.<\/p>\n<p>Auch der zweite Tag des Trainingslagers war gepr\u00e4gt von Schwei\u00df, Ehrgeiz und einer gro\u00dfen Portion Teamgeist. Fr\u00fch am Samstagmorgen brachte Bianca Schadowske vom KYF Sport Deluxe \u2013 Tanz &amp; Bewegung unsere Jungs mit einem schwei\u00dftreibenden Fitnessprogramm an ihre Grenzen. Liebe Bianca, vielen Dank und ein herzliches Dankesch\u00f6n nach Seehausen f\u00fcr diese starke Einheit mit den M\u00e4nnern!!<\/p>\n<p>Direkt im Anschluss ging es wieder ringerisch auf die Matte, den die n\u00e4chste intensive Einheit stand auf dem Plan. In zahlreichen Partnerwechseln und abwechslungsreichen Trainingssituationen feilten die Germanen mit ihren Kieler G\u00e4sten an Technik, Taktik und Kondition. Mit Blick auf die neue Regionalliga-Saison wurde konzentriert, motiviert und mit viel Leidenschaft gemeinsam gearbeitet.<\/p>\n<p>Mit guter Stimmung und vollem Magen setzten dann alle am Nachmittag nach Voigtstedt auf die Kegelbahn um. Dort zeigten sich auch abseits der Ringermatte wahre sportliche Talente \u2013 zielsicher, konzentriert und mit viel Spa\u00df waren alle bei der Sache. Ein gro\u00dfes Dankesch\u00f6n geht an unseren Sportfreund Uwe Ratayczak und den VfB Blau-Wei\u00df Voigtstedt e.V. f\u00fcr die Gastfreundschaft und die tolle Zeit \u2013 Wir kommen gerne wieder!<\/p>\n<p>Zum Abschluss des Trainingslagers zogen Tim Walther und Andr\u00e9 G\u00fcnther ein sehr positives Fazit: &#8222;Es war ein rundum gelungenes Trainingslager, bei dem geschwitzt, gelacht und gek\u00e4mpft wurde. Die Germanen sind bereit \u2013 Regionalliga 2025, wir kommen!&#8220;<\/p>\n<p>Vereinsf\u00fchrung und Sportler bedanken sich herzlich bei der B\u00e4ckerei M\u00fcnx in Kalbsrieth und dem Arterner Hotel Friedchen f\u00fcr die Unterst\u00fctzung bei der Essenversorgung. Dank ihnen und auch durch Brigitte und Kristin konnten die Kraftreserven beim Trainingslager durch leckere Fr\u00fchst\u00fccks- und Mittagsversorgung wieder aufgeladen werden.<\/p>\n<p>Es gab am Samstag in der Ringerhalle aber auch noch einige Besucher zu begr\u00fc\u00dfen.<\/p>\n<p>Unser neuer B\u00fcrgermeister Wolfgang von Eye schaute vorbei und informierte sich beim Vereinsvorsitzenden \u00fcber die Planungen in diesem Jahr. Dar\u00fcber hinaus warf er auch einen Blick in die Trainingshalle zu den M\u00e4nnern.<\/p>\n<p>Und w\u00e4hrend die M\u00e4nner in der Halle kr\u00e4ftig schwitzten machte drau\u00dfen der Familienwandertag der KITA &#8222;Bummi&#8220; eine kleine Rast mit Picknick auf der Wiese am Haus der Ringer. Auch sie waren herzlich willkommen.<\/p>\n<p>&nbsp;<\/p>\n<p><img loading=\"lazy\" decoding=\"async\" class=\"aligncenter size-full wp-image-12370\" src=\"https:\/\/www.ac-germania.com\/A_ACG\/wordpress\/wp-content\/uploads\/2025\/08\/IMG_0801.jpeg\" alt=\"\" width=\"1536\" height=\"2048\" srcset=\"https:\/\/www.ac-germania.com\/A_ACG\/wordpress\/wp-content\/uploads\/2025\/08\/IMG_0801.jpeg 1536w, https:\/\/www.ac-germania.com\/A_ACG\/wordpress\/wp-content\/uploads\/2025\/08\/IMG_0801-225x300.jpeg 225w, https:\/\/www.ac-germania.com\/A_ACG\/wordpress\/wp-content\/uploads\/2025\/08\/IMG_0801-768x1024.jpeg 768w, https:\/\/www.ac-germania.com\/A_ACG\/wordpress\/wp-content\/uploads\/2025\/08\/IMG_0801-1152x1536.jpeg 1152w, https:\/\/www.ac-germania.com\/A_ACG\/wordpress\/wp-content\/uploads\/2025\/08\/IMG_0801-113x150.jpeg 113w\" sizes=\"auto, (max-width: 1536px) 100vw, 1536px\" \/> <img loading=\"lazy\" decoding=\"async\" class=\"aligncenter size-full wp-image-12371\" src=\"https:\/\/www.ac-germania.com\/A_ACG\/wordpress\/wp-content\/uploads\/2025\/08\/IMG_0799.jpeg\" alt=\"\" width=\"1798\" height=\"1129\" srcset=\"https:\/\/www.ac-germania.com\/A_ACG\/wordpress\/wp-content\/uploads\/2025\/08\/IMG_0799.jpeg 1798w, https:\/\/www.ac-germania.com\/A_ACG\/wordpress\/wp-content\/uploads\/2025\/08\/IMG_0799-300x188.jpeg 300w, https:\/\/www.ac-germania.com\/A_ACG\/wordpress\/wp-content\/uploads\/2025\/08\/IMG_0799-1024x643.jpeg 1024w, https:\/\/www.ac-germania.com\/A_ACG\/wordpress\/wp-content\/uploads\/2025\/08\/IMG_0799-768x482.jpeg 768w, https:\/\/www.ac-germania.com\/A_ACG\/wordpress\/wp-content\/uploads\/2025\/08\/IMG_0799-1536x964.jpeg 1536w, https:\/\/www.ac-germania.com\/A_ACG\/wordpress\/wp-content\/uploads\/2025\/08\/IMG_0799-150x94.jpeg 150w, https:\/\/www.ac-germania.com\/A_ACG\/wordpress\/wp-content\/uploads\/2025\/08\/IMG_0799-239x150.jpeg 239w\" sizes=\"auto, (max-width: 1798px) 100vw, 1798px\" \/> <img loading=\"lazy\" decoding=\"async\" class=\"aligncenter size-full wp-image-12372\" src=\"https:\/\/www.ac-germania.com\/A_ACG\/wordpress\/wp-content\/uploads\/2025\/08\/IMG_0800.jpeg\" alt=\"\" width=\"1536\" height=\"2048\" srcset=\"https:\/\/www.ac-germania.com\/A_ACG\/wordpress\/wp-content\/uploads\/2025\/08\/IMG_0800.jpeg 1536w, https:\/\/www.ac-germania.com\/A_ACG\/wordpress\/wp-content\/uploads\/2025\/08\/IMG_0800-225x300.jpeg 225w, https:\/\/www.ac-germania.com\/A_ACG\/wordpress\/wp-content\/uploads\/2025\/08\/IMG_0800-768x1024.jpeg 768w, https:\/\/www.ac-germania.com\/A_ACG\/wordpress\/wp-content\/uploads\/2025\/08\/IMG_0800-1152x1536.jpeg 1152w, https:\/\/www.ac-germania.com\/A_ACG\/wordpress\/wp-content\/uploads\/2025\/08\/IMG_0800-113x150.jpeg 113w\" sizes=\"auto, (max-width: 1536px) 100vw, 1536px\" \/><img loading=\"lazy\" decoding=\"async\" class=\"aligncenter size-full wp-image-12376\" src=\"https:\/\/www.ac-germania.com\/A_ACG\/wordpress\/wp-content\/uploads\/2025\/05\/IMG_0804.jpeg\" alt=\"\" width=\"2048\" height=\"1215\" srcset=\"https:\/\/www.ac-germania.com\/A_ACG\/wordpress\/wp-content\/uploads\/2025\/05\/IMG_0804.jpeg 2048w, https:\/\/www.ac-germania.com\/A_ACG\/wordpress\/wp-content\/uploads\/2025\/05\/IMG_0804-300x178.jpeg 300w, https:\/\/www.ac-germania.com\/A_ACG\/wordpress\/wp-content\/uploads\/2025\/05\/IMG_0804-1024x608.jpeg 1024w, https:\/\/www.ac-germania.com\/A_ACG\/wordpress\/wp-content\/uploads\/2025\/05\/IMG_0804-768x456.jpeg 768w, https:\/\/www.ac-germania.com\/A_ACG\/wordpress\/wp-content\/uploads\/2025\/05\/IMG_0804-1536x911.jpeg 1536w, https:\/\/www.ac-germania.com\/A_ACG\/wordpress\/wp-content\/uploads\/2025\/05\/IMG_0804-150x89.jpeg 150w, https:\/\/www.ac-germania.com\/A_ACG\/wordpress\/wp-content\/uploads\/2025\/05\/IMG_0804-250x148.jpeg 250w\" sizes=\"auto, (max-width: 2048px) 100vw, 2048px\" \/> <img loading=\"lazy\" decoding=\"async\" class=\"aligncenter size-full wp-image-12377\" src=\"https:\/\/www.ac-germania.com\/A_ACG\/wordpress\/wp-content\/uploads\/2025\/05\/IMG_0802.jpeg\" alt=\"\" width=\"2040\" height=\"1530\" srcset=\"https:\/\/www.ac-germania.com\/A_ACG\/wordpress\/wp-content\/uploads\/2025\/05\/IMG_0802.jpeg 2040w, https:\/\/www.ac-germania.com\/A_ACG\/wordpress\/wp-content\/uploads\/2025\/05\/IMG_0802-300x225.jpeg 300w, https:\/\/www.ac-germania.com\/A_ACG\/wordpress\/wp-content\/uploads\/2025\/05\/IMG_0802-1024x768.jpeg 1024w, https:\/\/www.ac-germania.com\/A_ACG\/wordpress\/wp-content\/uploads\/2025\/05\/IMG_0802-768x576.jpeg 768w, https:\/\/www.ac-germania.com\/A_ACG\/wordpress\/wp-content\/uploads\/2025\/05\/IMG_0802-1536x1152.jpeg 1536w, https:\/\/www.ac-germania.com\/A_ACG\/wordpress\/wp-content\/uploads\/2025\/05\/IMG_0802-150x113.jpeg 150w, https:\/\/www.ac-germania.com\/A_ACG\/wordpress\/wp-content\/uploads\/2025\/05\/IMG_0802-200x150.jpeg 200w\" sizes=\"auto, (max-width: 2040px) 100vw, 2040px\" \/> <img loading=\"lazy\" decoding=\"async\" class=\"aligncenter size-full wp-image-12378\" src=\"https:\/\/www.ac-germania.com\/A_ACG\/wordpress\/wp-content\/uploads\/2025\/05\/IMG_0803.jpeg\" alt=\"\" width=\"2048\" height=\"1536\" srcset=\"https:\/\/www.ac-germania.com\/A_ACG\/wordpress\/wp-content\/uploads\/2025\/05\/IMG_0803.jpeg 2048w, https:\/\/www.ac-germania.com\/A_ACG\/wordpress\/wp-content\/uploads\/2025\/05\/IMG_0803-300x225.jpeg 300w, https:\/\/www.ac-germania.com\/A_ACG\/wordpress\/wp-content\/uploads\/2025\/05\/IMG_0803-1024x768.jpeg 1024w, https:\/\/www.ac-germania.com\/A_ACG\/wordpress\/wp-content\/uploads\/2025\/05\/IMG_0803-768x576.jpeg 768w, https:\/\/www.ac-germania.com\/A_ACG\/wordpress\/wp-content\/uploads\/2025\/05\/IMG_0803-1536x1152.jpeg 1536w, https:\/\/www.ac-germania.com\/A_ACG\/wordpress\/wp-content\/uploads\/2025\/05\/IMG_0803-150x113.jpeg 150w, https:\/\/www.ac-germania.com\/A_ACG\/wordpress\/wp-content\/uploads\/2025\/05\/IMG_0803-200x150.jpeg 200w\" sizes=\"auto, (max-width: 2048px) 100vw, 2048px\" \/><\/p>\n","protected":false},"excerpt":{"rendered":"<p>Beitrag: Manja Braunsdorf Mit dem ersten gemeinsamen Trainingslager startet der AC Germania Artern in die Regionalliga Saison 2025. Die rund 30 anwesenden Sportler schwitzen ordentlich zusammen im Haus der Ringer und pr\u00fcften gegenseitig den Trainingstand. Wir danken der durchtrainierten Delegation aus Kiel f\u00fcr die Teilnahme an unserem Trainingslager. Das k\u00f6nnen \u2026 <a class=\"continue-reading-link\" href=\"https:\/\/www.ac-germania.com\/?p=12369\">Weiterlesen <span class=\"meta-nav\">&rarr; <\/span><\/a><\/p>\n","protected":false},"author":2,"featured_media":12371,"comment_status":"open","ping_status":"open","sticky":false,"template":"","format":"standard","meta":{"footnotes":""},"categories":[22],"tags":[],"class_list":["post-12369","post","type-post","status-publish","format-standard","has-post-thumbnail","hentry","category-news-2025"],"_links":{"self":[{"href":"https:\/\/www.ac-germania.com\/index.php?rest_route=\/wp\/v2\/posts\/12369","targetHints":{"allow":["GET"]}}],"collection":[{"href":"https:\/\/www.ac-germania.com\/index.php?rest_route=\/wp\/v2\/posts"}],"about":[{"href":"https:\/\/www.ac-germania.com\/index.php?rest_route=\/wp\/v2\/types\/post"}],"author":[{"embeddable":true,"href":"https:\/\/www.ac-germania.com\/index.php?rest_route=\/wp\/v2\/users\/2"}],"replies":[{"embeddable":true,"href":"https:\/\/www.ac-germania.com\/index.php?rest_route=%2Fwp%2Fv2%2Fcomments&post=12369"}],"version-history":[{"count":3,"href":"https:\/\/www.ac-germania.com\/index.php?rest_route=\/wp\/v2\/posts\/12369\/revisions"}],"predecessor-version":[{"id":12379,"href":"https:\/\/www.ac-germania.com\/index.php?rest_route=\/wp\/v2\/posts\/12369\/revisions\/12379"}],"wp:featuredmedia":[{"embeddable":true,"href":"https:\/\/www.ac-germania.com\/index.php?rest_route=\/wp\/v2\/media\/12371"}],"wp:attachment":[{"href":"https:\/\/www.ac-germania.com\/index.php?rest_route=%2Fwp%2Fv2%2Fmedia&parent=12369"}],"wp:term":[{"taxonomy":"category","embeddable":true,"href":"https:\/\/www.ac-germania.com\/index.php?rest_route=%2Fwp%2Fv2%2Fcategories&post=12369"},{"taxonomy":"post_tag","embeddable":true,"href":"https:\/\/www.ac-germania.com\/index.php?rest_route=%2Fwp%2Fv2%2Ftags&post=12369"}],"curies":[{"name":"wp","href":"https:\/\/api.w.org\/{rel}","templated":true}]}}