{"id":12358,"date":"2025-04-01T09:45:26","date_gmt":"2025-04-01T07:45:26","guid":{"rendered":"https:\/\/www.ac-germania.com\/?p=12358"},"modified":"2025-08-26T09:49:05","modified_gmt":"2025-08-26T07:49:05","slug":"max-neubert-erneut-auf-dem-weg-zum-erfolg","status":"publish","type":"post","link":"https:\/\/www.ac-germania.com\/?p=12358","title":{"rendered":"Max Neubert erneut auf dem Weg zum Erfolg"},"content":{"rendered":"<h5>Bericht: Manja Braunsdorf<\/h5>\n<p>Was sind wir happy und m\u00e4chtig stolz!!!<br \/>\nUnd lieber Max, das kannst du auch sein. Diesen Erfolg hast du dir mehr als verdient.<\/p>\n<p>Am Wochenende, dem 28. bis 30. M\u00e4rz 2025, fanden in Zell i.W. (S\u00fcdbaden) die diesj\u00e4hrigen Deutschen Meisterschaften der U 20 im griechisch-r\u00f6mischen Stil mit insgesamt 123 Teilnehmern in 10 Gewichtsklassen statt.<\/p>\n<p>F\u00fcr den AC Germania Artern und als einziger Starter des sachsen-anhaltinischen Ringerverbands ging Max Neubert an den Start.<br \/>\nDie Betreuung auf der Mattenecke \u00fcbernahmen dankenswerterweise an diesem Wochenende die S\u00e4chsischen bzw. Leipziger Sportfreunde rund um Landestrainer Andreas Behring.<\/p>\n<p>Max startete in der Gewichtsklasse bis 77 kg und hatte hier 20 Konkurrenten auf der Teilnehmerliste. Die Einteilung erfolgte nach internationalen System, so dass Max insgesamt letztlich 5 K\u00e4mpfe zu bestreiten hatte. Und es lief gut f\u00fcr ihn. In der Heimat fieberten Vereinsmitglieder und Fans \u00fcber die \u00dcbertragungswege mit und dr\u00fcckten nat\u00fcrlich von Kampf zu Kampf ganz fest die Daumen.<\/p>\n<p>Im 1. Kampf trat Max gegen Artus Seipel vom hessischen SC Kleinostheim an. Hier konnte er fr\u00fchzeitig technisch \u00fcberlegen mit 8:0 Punkten siegreich und souver\u00e4n die Matte zur Freude seiner Begleiter verlassen. Ein guter Einstieg!<\/p>\n<p>Gegen Kenny K\u00f6lske vom nordbadischen KSV \u00d6stringen konnte Max seinen Erfolg fortsetzen und nach vollen 6 min Kampfzeit mit einem 4:1 Punktsieg enden.<\/p>\n<p>Im 3. Kampf gegen Till Naumann vom s\u00fcdbadischen TuS Adelhausen machte Max es dann spannend oder besser aufregend. Die beiden Sportler schenken sich nichts und mussten \u00fcber die volle Zeit. Mit der entscheidenden &#8222;letzten Wertung&#8220; konnte Max den Kampf mit 2:2 Punkten siegreich f\u00fcr sich entscheiden.<br \/>\nJubel in der Heimat. Max sicherte sich damit die Teilnahme im Halbfinale.<\/p>\n<p>Dort trifft Max im 4. Kampf dann auf Karl Thoms vom SV Warnem\u00fcnde. Hier hat er wenig entgegen zu setzen und muss sich dem sp\u00e4teren Vizemeister technisch unterlegen geschlagen geben.<\/p>\n<p>Doch damit ist die Chance auf eine Medaille noch nicht begraben. Max hat es in der sog. Hoffnungsrunde noch selbst in der Hand. Und diese Chance nutzt er am Sonntag.<\/p>\n<p>Im 5. und letzten Kampf tritt Max gegen Leander Bode vom saarl\u00e4ndischen AC Heusweiler an. Hier muss er zwar wieder \u00fcber die volle Zeit, aber Gegenwertungen l\u00e4sst er nicht zu und konnte mit 3:0 Punkten verdient die Bronzemedaille bei den Deutschen Meisterschaften f\u00fcr sich sichern.<\/p>\n<p>Max, HERZLICHEN GL\u00dcCKWUNSCH!!!&#x1f93c;&#x1f949;&#x1f93c;&#x200d;&#x2642;&#xfe0f;<\/p>\n<p>Das macht uns gl\u00fccklich und hat sicher auch deine Familie sehr gefreut.<\/p>\n<p>Gern darf es so weitergehen!<br \/>\n&#x1f49a;&#x1f49b;<\/p>\n<p><img loading=\"lazy\" decoding=\"async\" class=\"aligncenter size-full wp-image-12359\" src=\"https:\/\/www.ac-germania.com\/A_ACG\/wordpress\/wp-content\/uploads\/2025\/08\/IMG_0796.jpeg\" alt=\"\" width=\"1600\" height=\"1069\" srcset=\"https:\/\/www.ac-germania.com\/A_ACG\/wordpress\/wp-content\/uploads\/2025\/08\/IMG_0796.jpeg 1600w, https:\/\/www.ac-germania.com\/A_ACG\/wordpress\/wp-content\/uploads\/2025\/08\/IMG_0796-300x200.jpeg 300w, https:\/\/www.ac-germania.com\/A_ACG\/wordpress\/wp-content\/uploads\/2025\/08\/IMG_0796-1024x684.jpeg 1024w, https:\/\/www.ac-germania.com\/A_ACG\/wordpress\/wp-content\/uploads\/2025\/08\/IMG_0796-768x513.jpeg 768w, https:\/\/www.ac-germania.com\/A_ACG\/wordpress\/wp-content\/uploads\/2025\/08\/IMG_0796-1536x1026.jpeg 1536w, https:\/\/www.ac-germania.com\/A_ACG\/wordpress\/wp-content\/uploads\/2025\/08\/IMG_0796-150x100.jpeg 150w, https:\/\/www.ac-germania.com\/A_ACG\/wordpress\/wp-content\/uploads\/2025\/08\/IMG_0796-225x150.jpeg 225w\" sizes=\"auto, (max-width: 1600px) 100vw, 1600px\" \/> <img loading=\"lazy\" decoding=\"async\" class=\"aligncenter size-full wp-image-12360\" src=\"https:\/\/www.ac-germania.com\/A_ACG\/wordpress\/wp-content\/uploads\/2025\/08\/IMG_0795.jpeg\" alt=\"\" width=\"946\" height=\"1562\" srcset=\"https:\/\/www.ac-germania.com\/A_ACG\/wordpress\/wp-content\/uploads\/2025\/08\/IMG_0795.jpeg 946w, https:\/\/www.ac-germania.com\/A_ACG\/wordpress\/wp-content\/uploads\/2025\/08\/IMG_0795-182x300.jpeg 182w, https:\/\/www.ac-germania.com\/A_ACG\/wordpress\/wp-content\/uploads\/2025\/08\/IMG_0795-620x1024.jpeg 620w, https:\/\/www.ac-germania.com\/A_ACG\/wordpress\/wp-content\/uploads\/2025\/08\/IMG_0795-768x1268.jpeg 768w, https:\/\/www.ac-germania.com\/A_ACG\/wordpress\/wp-content\/uploads\/2025\/08\/IMG_0795-930x1536.jpeg 930w, https:\/\/www.ac-germania.com\/A_ACG\/wordpress\/wp-content\/uploads\/2025\/08\/IMG_0795-91x150.jpeg 91w\" sizes=\"auto, (max-width: 946px) 100vw, 946px\" \/> <img loading=\"lazy\" decoding=\"async\" class=\"aligncenter size-full wp-image-12361\" src=\"https:\/\/www.ac-germania.com\/A_ACG\/wordpress\/wp-content\/uploads\/2025\/08\/IMG_0794.jpeg\" alt=\"\" width=\"1406\" height=\"2048\" srcset=\"https:\/\/www.ac-germania.com\/A_ACG\/wordpress\/wp-content\/uploads\/2025\/08\/IMG_0794.jpeg 1406w, https:\/\/www.ac-germania.com\/A_ACG\/wordpress\/wp-content\/uploads\/2025\/08\/IMG_0794-206x300.jpeg 206w, https:\/\/www.ac-germania.com\/A_ACG\/wordpress\/wp-content\/uploads\/2025\/08\/IMG_0794-703x1024.jpeg 703w, https:\/\/www.ac-germania.com\/A_ACG\/wordpress\/wp-content\/uploads\/2025\/08\/IMG_0794-768x1119.jpeg 768w, https:\/\/www.ac-germania.com\/A_ACG\/wordpress\/wp-content\/uploads\/2025\/08\/IMG_0794-1055x1536.jpeg 1055w, https:\/\/www.ac-germania.com\/A_ACG\/wordpress\/wp-content\/uploads\/2025\/08\/IMG_0794-103x150.jpeg 103w\" sizes=\"auto, (max-width: 1406px) 100vw, 1406px\" \/><\/p>\n","protected":false},"excerpt":{"rendered":"<p>Bericht: Manja Braunsdorf Was sind wir happy und m\u00e4chtig stolz!!! Und lieber Max, das kannst du auch sein. Diesen Erfolg hast du dir mehr als verdient. Am Wochenende, dem 28. bis 30. M\u00e4rz 2025, fanden in Zell i.W. (S\u00fcdbaden) die diesj\u00e4hrigen Deutschen Meisterschaften der U 20 im griechisch-r\u00f6mischen Stil mit \u2026 <a class=\"continue-reading-link\" href=\"https:\/\/www.ac-germania.com\/?p=12358\">Weiterlesen <span class=\"meta-nav\">&rarr; <\/span><\/a><\/p>\n","protected":false},"author":2,"featured_media":12361,"comment_status":"open","ping_status":"open","sticky":false,"template":"","format":"standard","meta":{"footnotes":""},"categories":[22],"tags":[],"class_list":["post-12358","post","type-post","status-publish","format-standard","has-post-thumbnail","hentry","category-news-2025"],"_links":{"self":[{"href":"https:\/\/www.ac-germania.com\/index.php?rest_route=\/wp\/v2\/posts\/12358","targetHints":{"allow":["GET"]}}],"collection":[{"href":"https:\/\/www.ac-germania.com\/index.php?rest_route=\/wp\/v2\/posts"}],"about":[{"href":"https:\/\/www.ac-germania.com\/index.php?rest_route=\/wp\/v2\/types\/post"}],"author":[{"embeddable":true,"href":"https:\/\/www.ac-germania.com\/index.php?rest_route=\/wp\/v2\/users\/2"}],"replies":[{"embeddable":true,"href":"https:\/\/www.ac-germania.com\/index.php?rest_route=%2Fwp%2Fv2%2Fcomments&post=12358"}],"version-history":[{"count":1,"href":"https:\/\/www.ac-germania.com\/index.php?rest_route=\/wp\/v2\/posts\/12358\/revisions"}],"predecessor-version":[{"id":12362,"href":"https:\/\/www.ac-germania.com\/index.php?rest_route=\/wp\/v2\/posts\/12358\/revisions\/12362"}],"wp:featuredmedia":[{"embeddable":true,"href":"https:\/\/www.ac-germania.com\/index.php?rest_route=\/wp\/v2\/media\/12361"}],"wp:attachment":[{"href":"https:\/\/www.ac-germania.com\/index.php?rest_route=%2Fwp%2Fv2%2Fmedia&parent=12358"}],"wp:term":[{"taxonomy":"category","embeddable":true,"href":"https:\/\/www.ac-germania.com\/index.php?rest_route=%2Fwp%2Fv2%2Fcategories&post=12358"},{"taxonomy":"post_tag","embeddable":true,"href":"https:\/\/www.ac-germania.com\/index.php?rest_route=%2Fwp%2Fv2%2Ftags&post=12358"}],"curies":[{"name":"wp","href":"https:\/\/api.w.org\/{rel}","templated":true}]}}