{"id":12355,"date":"2025-03-26T09:41:33","date_gmt":"2025-03-26T07:41:33","guid":{"rendered":"https:\/\/www.ac-germania.com\/?p=12355"},"modified":"2025-08-26T09:44:33","modified_gmt":"2025-08-26T07:44:33","slug":"fussball-meets-ringen-oder-besser-blau-weiss-trifft-auf-gruen-gelb","status":"publish","type":"post","link":"https:\/\/www.ac-germania.com\/?p=12355","title":{"rendered":"Fu\u00dfball meets Ringen oder  besser Blau\/Wei\u00df trifft auf Gr\u00fcn\/Gelb"},"content":{"rendered":"<h5>Bericht: Marcus Winter<\/h5>\n<p>Fu\u00dfballer aus Bad Frankenhausen zu Gast im Haus der Ringer &#x1f93c;&#x200d;&#x2642;&#xfe0f;<\/p>\n<p>Am Dienstag, den 11. M\u00e4rz, reisten die Fu\u00dfballer nach Artern, um sich einen Einblick ins Training des Ac Germania zu verschaffen. Wir passten daher unseren Trainingabend an, um mit den Fu\u00dfballern gemeinsam Spa\u00df zu haben.<\/p>\n<p>Mit einer ordentlichen und knackigen Erw\u00e4rmung von Kopf bis Fu\u00df starteten wir die Einheit. Nach der Erw\u00e4rmung machten wir ein paar Kraft-Ausdauer \u00dcbungen mit und ohne Partner &#x1f973; und mit ein paar lustigen Spielchen wie ,,fliegende Fische und Rollenhasche&#8220;, was teilweise echt richtig gut aussah &#x1f913;, gaben wir den Sportlern dann ein wenig Zeit zum durchatmen &#x1f607;.<\/p>\n<p>Die letzten 20 Minuten zeigten wir unseren G\u00e4sten einmal, wie anstrengend die Bodenlage doch sein kann. Ebens nahmen wir sie auch mal in den &#8222;Schwitzkasten&#8220;, um zu zeigen wie sich eine kopfschn\u00fcrung anf\u00fchlt &#x1f923;&#x1f923;. Aus jeder Ecke der Matte kamen andere T\u00f6ne, aber man muss den Jungs gro\u00dfen Respekt und Anerkennung zollen, da sie es bis zum Schluss durchgezogen haben &#x1f9be;.<\/p>\n<p>Zum Schluss hie\u00df es noch einmal die Zeit von 5 x 1:30 min gegen einen Ringer zu \u00fcberstehen. Ich denke, das jeder der Sportler schnell feststellen konnte, das selbst 1:30 min eine verdammt lange und anstrengende Zeit werden kann.<\/p>\n<p>Wir bedanken uns recht herzlich bei den Sportfreunden von Blau-Wei\u00df Bad Frankenhausen f\u00fcr das sch\u00f6ne gemeinsame Training und w\u00fcnschen euch f\u00fcr die R\u00fcckrunde nur das Beste und viel Erfolg &#x1f44d;<\/p>\n<p>Sportliche Gr\u00fc\u00dfe, AC AC AC!<\/p>\n<p>&#8212;&#8212;&#8212;&#8212;&#8212;-<\/p>\n<p>Gern seid ihr wieder herzlich Willkommen! Mehr kann man dazu nicht sagen!<\/p>\n<p><img loading=\"lazy\" decoding=\"async\" class=\"aligncenter size-full wp-image-12356\" src=\"https:\/\/www.ac-germania.com\/A_ACG\/wordpress\/wp-content\/uploads\/2025\/08\/IMG_0793.jpeg\" alt=\"\" width=\"2048\" height=\"1543\" srcset=\"https:\/\/www.ac-germania.com\/A_ACG\/wordpress\/wp-content\/uploads\/2025\/08\/IMG_0793.jpeg 2048w, https:\/\/www.ac-germania.com\/A_ACG\/wordpress\/wp-content\/uploads\/2025\/08\/IMG_0793-300x226.jpeg 300w, https:\/\/www.ac-germania.com\/A_ACG\/wordpress\/wp-content\/uploads\/2025\/08\/IMG_0793-1024x772.jpeg 1024w, https:\/\/www.ac-germania.com\/A_ACG\/wordpress\/wp-content\/uploads\/2025\/08\/IMG_0793-768x579.jpeg 768w, https:\/\/www.ac-germania.com\/A_ACG\/wordpress\/wp-content\/uploads\/2025\/08\/IMG_0793-1536x1157.jpeg 1536w, https:\/\/www.ac-germania.com\/A_ACG\/wordpress\/wp-content\/uploads\/2025\/08\/IMG_0793-150x113.jpeg 150w, https:\/\/www.ac-germania.com\/A_ACG\/wordpress\/wp-content\/uploads\/2025\/08\/IMG_0793-199x150.jpeg 199w\" sizes=\"auto, (max-width: 2048px) 100vw, 2048px\" \/><\/p>\n","protected":false},"excerpt":{"rendered":"<p>Bericht: Marcus Winter Fu\u00dfballer aus Bad Frankenhausen zu Gast im Haus der Ringer &#x1f93c;&#x200d;&#x2642;&#xfe0f; Am Dienstag, den 11. M\u00e4rz, reisten die Fu\u00dfballer nach Artern, um sich einen Einblick ins Training des Ac Germania zu verschaffen. Wir passten daher unseren Trainingabend an, um mit den Fu\u00dfballern gemeinsam Spa\u00df zu haben. Mit \u2026 <a class=\"continue-reading-link\" href=\"https:\/\/www.ac-germania.com\/?p=12355\">Weiterlesen <span class=\"meta-nav\">&rarr; <\/span><\/a><\/p>\n","protected":false},"author":2,"featured_media":12356,"comment_status":"open","ping_status":"open","sticky":false,"template":"","format":"standard","meta":{"footnotes":""},"categories":[22],"tags":[],"class_list":["post-12355","post","type-post","status-publish","format-standard","has-post-thumbnail","hentry","category-news-2025"],"_links":{"self":[{"href":"https:\/\/www.ac-germania.com\/index.php?rest_route=\/wp\/v2\/posts\/12355","targetHints":{"allow":["GET"]}}],"collection":[{"href":"https:\/\/www.ac-germania.com\/index.php?rest_route=\/wp\/v2\/posts"}],"about":[{"href":"https:\/\/www.ac-germania.com\/index.php?rest_route=\/wp\/v2\/types\/post"}],"author":[{"embeddable":true,"href":"https:\/\/www.ac-germania.com\/index.php?rest_route=\/wp\/v2\/users\/2"}],"replies":[{"embeddable":true,"href":"https:\/\/www.ac-germania.com\/index.php?rest_route=%2Fwp%2Fv2%2Fcomments&post=12355"}],"version-history":[{"count":1,"href":"https:\/\/www.ac-germania.com\/index.php?rest_route=\/wp\/v2\/posts\/12355\/revisions"}],"predecessor-version":[{"id":12357,"href":"https:\/\/www.ac-germania.com\/index.php?rest_route=\/wp\/v2\/posts\/12355\/revisions\/12357"}],"wp:featuredmedia":[{"embeddable":true,"href":"https:\/\/www.ac-germania.com\/index.php?rest_route=\/wp\/v2\/media\/12356"}],"wp:attachment":[{"href":"https:\/\/www.ac-germania.com\/index.php?rest_route=%2Fwp%2Fv2%2Fmedia&parent=12355"}],"wp:term":[{"taxonomy":"category","embeddable":true,"href":"https:\/\/www.ac-germania.com\/index.php?rest_route=%2Fwp%2Fv2%2Fcategories&post=12355"},{"taxonomy":"post_tag","embeddable":true,"href":"https:\/\/www.ac-germania.com\/index.php?rest_route=%2Fwp%2Fv2%2Ftags&post=12355"}],"curies":[{"name":"wp","href":"https:\/\/api.w.org\/{rel}","templated":true}]}}