{"id":12245,"date":"2025-02-16T09:28:20","date_gmt":"2025-02-16T07:28:20","guid":{"rendered":"https:\/\/www.ac-germania.com\/?p=12245"},"modified":"2025-08-16T09:33:32","modified_gmt":"2025-08-16T07:33:32","slug":"nachwuchs-setzt-erfolge-im-februar-fort","status":"publish","type":"post","link":"https:\/\/www.ac-germania.com\/?p=12245","title":{"rendered":"Nachwuchs setzt Erfolge im Februar fort"},"content":{"rendered":"<h5>Bericht: Manja Braunsdorf Bilder: Heiko Kupfernagel<\/h5>\n<p>Am 15.02.2025 fanden in Stendal die Mitteldeutschen Meisterschaften der U20-Junioren\u00a0 und U14-Jugendlichen B statt.<\/p>\n<p>F\u00fcr den AC Germania Artern gingen Daniel Eisenhardt und Marco Neukirch an den Start. Beide wurde durch Trainer Heiko Kupfernagel nach Stendal begleitet. Beide Germanen starteten im Limit bis 35kg. Hier wurden die K\u00e4mpfe im Poolsystem ausgetragen. Leider war daher f\u00fcr Marco im Pool A bereits nach zwei Niederlagen Schluss. Chancenlos war er nicht, aber das Qu\u00e4ntchen Gl\u00fcck fehlte ihm an diesem Tag.<br \/>\nF\u00fcr Daniel lief es deutlich besser.\u00a0 Nach Freilos und zwei souver\u00e4nen Schultersiegen gegen Lenn Schenk vom MMA Berlin e.V. und Justin Petersen vom Ringerverein L\u00fcbtheen hatte er das Finale um den Sieg erreicht. Erst hier musste er sich der St\u00e4rke von Luca Baumann vom SV Warnem\u00fcnde mit einer Schulterniederlage geschlagen geben.<br \/>\nAber er kann trotzdem auch stolz sein, auf den 2. Platz.<\/p>\n<p>Trainer Heiko Kupfernagel zeigte sich zufrieden mit der Leistung.<br \/>\nZiel soll nat\u00fcrlich nun die\u00a0 verdiente Teilnahme an den Deutschen Meisterschaften sein.<\/p>\n<p>Wir sagen Herzlichen Gl\u00fcckwunsch und w\u00fcnschen weiterhin viel Erfolg, auch dir, Marco!!<\/p>\n<p><img loading=\"lazy\" decoding=\"async\" class=\"aligncenter size-full wp-image-12246\" src=\"https:\/\/www.ac-germania.com\/A_ACG\/wordpress\/wp-content\/uploads\/2025\/08\/IMG-20250216-WA0004.jpg\" alt=\"\" width=\"924\" height=\"2000\" srcset=\"https:\/\/www.ac-germania.com\/A_ACG\/wordpress\/wp-content\/uploads\/2025\/08\/IMG-20250216-WA0004.jpg 924w, https:\/\/www.ac-germania.com\/A_ACG\/wordpress\/wp-content\/uploads\/2025\/08\/IMG-20250216-WA0004-139x300.jpg 139w, https:\/\/www.ac-germania.com\/A_ACG\/wordpress\/wp-content\/uploads\/2025\/08\/IMG-20250216-WA0004-473x1024.jpg 473w, https:\/\/www.ac-germania.com\/A_ACG\/wordpress\/wp-content\/uploads\/2025\/08\/IMG-20250216-WA0004-768x1662.jpg 768w, https:\/\/www.ac-germania.com\/A_ACG\/wordpress\/wp-content\/uploads\/2025\/08\/IMG-20250216-WA0004-710x1536.jpg 710w, https:\/\/www.ac-germania.com\/A_ACG\/wordpress\/wp-content\/uploads\/2025\/08\/IMG-20250216-WA0004-69x150.jpg 69w\" sizes=\"auto, (max-width: 924px) 100vw, 924px\" \/> <img loading=\"lazy\" decoding=\"async\" class=\"aligncenter size-full wp-image-12247\" src=\"https:\/\/www.ac-germania.com\/A_ACG\/wordpress\/wp-content\/uploads\/2025\/08\/IMG-20250216-WA0006.jpg\" alt=\"\" width=\"2000\" height=\"924\" srcset=\"https:\/\/www.ac-germania.com\/A_ACG\/wordpress\/wp-content\/uploads\/2025\/08\/IMG-20250216-WA0006.jpg 2000w, https:\/\/www.ac-germania.com\/A_ACG\/wordpress\/wp-content\/uploads\/2025\/08\/IMG-20250216-WA0006-300x139.jpg 300w, https:\/\/www.ac-germania.com\/A_ACG\/wordpress\/wp-content\/uploads\/2025\/08\/IMG-20250216-WA0006-1024x473.jpg 1024w, https:\/\/www.ac-germania.com\/A_ACG\/wordpress\/wp-content\/uploads\/2025\/08\/IMG-20250216-WA0006-768x355.jpg 768w, https:\/\/www.ac-germania.com\/A_ACG\/wordpress\/wp-content\/uploads\/2025\/08\/IMG-20250216-WA0006-1536x710.jpg 1536w, https:\/\/www.ac-germania.com\/A_ACG\/wordpress\/wp-content\/uploads\/2025\/08\/IMG-20250216-WA0006-150x69.jpg 150w, https:\/\/www.ac-germania.com\/A_ACG\/wordpress\/wp-content\/uploads\/2025\/08\/IMG-20250216-WA0006-250x116.jpg 250w\" sizes=\"auto, (max-width: 2000px) 100vw, 2000px\" \/><\/p>\n","protected":false},"excerpt":{"rendered":"<p>Bericht: Manja Braunsdorf Bilder: Heiko Kupfernagel Am 15.02.2025 fanden in Stendal die Mitteldeutschen Meisterschaften der U20-Junioren\u00a0 und U14-Jugendlichen B statt. F\u00fcr den AC Germania Artern gingen Daniel Eisenhardt und Marco Neukirch an den Start. Beide wurde durch Trainer Heiko Kupfernagel nach Stendal begleitet. Beide Germanen starteten im Limit bis 35kg. \u2026 <a class=\"continue-reading-link\" href=\"https:\/\/www.ac-germania.com\/?p=12245\">Weiterlesen <span class=\"meta-nav\">&rarr; <\/span><\/a><\/p>\n","protected":false},"author":2,"featured_media":12247,"comment_status":"open","ping_status":"open","sticky":false,"template":"","format":"standard","meta":{"footnotes":""},"categories":[22],"tags":[],"class_list":["post-12245","post","type-post","status-publish","format-standard","has-post-thumbnail","hentry","category-news-2025"],"_links":{"self":[{"href":"https:\/\/www.ac-germania.com\/index.php?rest_route=\/wp\/v2\/posts\/12245","targetHints":{"allow":["GET"]}}],"collection":[{"href":"https:\/\/www.ac-germania.com\/index.php?rest_route=\/wp\/v2\/posts"}],"about":[{"href":"https:\/\/www.ac-germania.com\/index.php?rest_route=\/wp\/v2\/types\/post"}],"author":[{"embeddable":true,"href":"https:\/\/www.ac-germania.com\/index.php?rest_route=\/wp\/v2\/users\/2"}],"replies":[{"embeddable":true,"href":"https:\/\/www.ac-germania.com\/index.php?rest_route=%2Fwp%2Fv2%2Fcomments&post=12245"}],"version-history":[{"count":1,"href":"https:\/\/www.ac-germania.com\/index.php?rest_route=\/wp\/v2\/posts\/12245\/revisions"}],"predecessor-version":[{"id":12248,"href":"https:\/\/www.ac-germania.com\/index.php?rest_route=\/wp\/v2\/posts\/12245\/revisions\/12248"}],"wp:featuredmedia":[{"embeddable":true,"href":"https:\/\/www.ac-germania.com\/index.php?rest_route=\/wp\/v2\/media\/12247"}],"wp:attachment":[{"href":"https:\/\/www.ac-germania.com\/index.php?rest_route=%2Fwp%2Fv2%2Fmedia&parent=12245"}],"wp:term":[{"taxonomy":"category","embeddable":true,"href":"https:\/\/www.ac-germania.com\/index.php?rest_route=%2Fwp%2Fv2%2Fcategories&post=12245"},{"taxonomy":"post_tag","embeddable":true,"href":"https:\/\/www.ac-germania.com\/index.php?rest_route=%2Fwp%2Fv2%2Ftags&post=12245"}],"curies":[{"name":"wp","href":"https:\/\/api.w.org\/{rel}","templated":true}]}}