{"id":12241,"date":"2025-02-02T09:22:47","date_gmt":"2025-02-02T07:22:47","guid":{"rendered":"https:\/\/www.ac-germania.com\/?p=12241"},"modified":"2025-08-16T09:27:43","modified_gmt":"2025-08-16T07:27:43","slug":"nachwuchs-zeigt-sich-erfolgreich","status":"publish","type":"post","link":"https:\/\/www.ac-germania.com\/?p=12241","title":{"rendered":"Nachwuchs zeigt sich erfolgreich!!!"},"content":{"rendered":"<h5>Bericht: Manja Braunsdorf<\/h5>\n<p>Auch f\u00fcr die ACG Youngster begann das Wettkampfjahr 2025. Die j\u00fcngste Gruppe von Jugendcoach Gerhard G\u00fcnther zeigte sich schon wieder sportlich richtig aktiv.<\/p>\n<p>Am 1. Februar fand beim RSV Merseburg das nunmehr 3. Neujahrsturnier im freien Ringkampf\u00a0 statt. In f\u00fcnf Altersklassen gingen bei diesem Turnier dieses Jahr insgesamt 225 Sportler und Sportlerinnen aus 25 Vereinen und 4 Bundesl\u00e4ndern an den Start.<\/p>\n<p>Insgesamt reisten an diesem Tag 11 JunggermanenInnen aufgeregt und quirlig nach Merseburg. Es wurde ein sch\u00f6ner Wettkampftag mit guten Leistungen auf die alle stolz sein k\u00f6nnen.<\/p>\n<p>Bei den j\u00fcngsten Sportlern in der Altersklasse U8 erk\u00e4mpften Mika Michel souver\u00e4n den 1. Platz, Tayler Baroke einen 3.Platz, Paul Heller den 5. Platz und Charly Rudolph einen 8. Platz.<\/p>\n<p>Im Altersbereich U10 r\u00e4umten Theo Dietrich mit dem 1. Platz, Xaver Helm mit dem 2. Platz und Matti Ke\u00dfler mit seinem 3. Platz einen ganzen Medaillensatz erfolgreich ab.<\/p>\n<p>Und auch in der Altersklasse U14 konnten die Germanen gl\u00e4nzen. Denn auch Daniel Eisenhardt erk\u00e4mpfte den 1. Platz und Marko Neukirch einen 2. Platz.<\/p>\n<p>Die M\u00e4dels Klara Heller und Stella Dietrich stehen den Jungs in nichts nach und holten sich ebenfalls ihren Platz ganz oben auf dem Siegerpodest.<\/p>\n<p>Mit diesen sehr guten Ergebnissen erk\u00e4mpfte sich der ACG-Nachwuchs den 8. Platz in der Mannschaftswertung und konnte gut gelaunt und stolz mit ihrem Trainer und den mitgereisten Betreuern und Eltern wieder nach Hause fahren.<\/p>\n<p>Wir sagen herzlichen Dank an die mitgereisten Eltern und Betreuer und w\u00fcnschen unserem Nachwuchs weiterhin viel Erfolg!<\/p>\n<p><img loading=\"lazy\" decoding=\"async\" class=\"aligncenter size-full wp-image-12243\" src=\"https:\/\/www.ac-germania.com\/A_ACG\/wordpress\/wp-content\/uploads\/2025\/08\/WhatsApp-Bild-2025-02-01-um-16.24.55_aaa29790.jpg\" alt=\"\" width=\"2048\" height=\"921\" srcset=\"https:\/\/www.ac-germania.com\/A_ACG\/wordpress\/wp-content\/uploads\/2025\/08\/WhatsApp-Bild-2025-02-01-um-16.24.55_aaa29790.jpg 2048w, https:\/\/www.ac-germania.com\/A_ACG\/wordpress\/wp-content\/uploads\/2025\/08\/WhatsApp-Bild-2025-02-01-um-16.24.55_aaa29790-300x135.jpg 300w, https:\/\/www.ac-germania.com\/A_ACG\/wordpress\/wp-content\/uploads\/2025\/08\/WhatsApp-Bild-2025-02-01-um-16.24.55_aaa29790-1024x461.jpg 1024w, https:\/\/www.ac-germania.com\/A_ACG\/wordpress\/wp-content\/uploads\/2025\/08\/WhatsApp-Bild-2025-02-01-um-16.24.55_aaa29790-768x345.jpg 768w, https:\/\/www.ac-germania.com\/A_ACG\/wordpress\/wp-content\/uploads\/2025\/08\/WhatsApp-Bild-2025-02-01-um-16.24.55_aaa29790-1536x691.jpg 1536w, https:\/\/www.ac-germania.com\/A_ACG\/wordpress\/wp-content\/uploads\/2025\/08\/WhatsApp-Bild-2025-02-01-um-16.24.55_aaa29790-150x67.jpg 150w, https:\/\/www.ac-germania.com\/A_ACG\/wordpress\/wp-content\/uploads\/2025\/08\/WhatsApp-Bild-2025-02-01-um-16.24.55_aaa29790-250x112.jpg 250w\" sizes=\"auto, (max-width: 2048px) 100vw, 2048px\" \/> <img loading=\"lazy\" decoding=\"async\" class=\"aligncenter size-full wp-image-12242\" src=\"https:\/\/www.ac-germania.com\/A_ACG\/wordpress\/wp-content\/uploads\/2025\/08\/IMG-20250201-WA0007.jpg\" alt=\"\" width=\"933\" height=\"1600\" srcset=\"https:\/\/www.ac-germania.com\/A_ACG\/wordpress\/wp-content\/uploads\/2025\/08\/IMG-20250201-WA0007.jpg 933w, https:\/\/www.ac-germania.com\/A_ACG\/wordpress\/wp-content\/uploads\/2025\/08\/IMG-20250201-WA0007-175x300.jpg 175w, https:\/\/www.ac-germania.com\/A_ACG\/wordpress\/wp-content\/uploads\/2025\/08\/IMG-20250201-WA0007-597x1024.jpg 597w, https:\/\/www.ac-germania.com\/A_ACG\/wordpress\/wp-content\/uploads\/2025\/08\/IMG-20250201-WA0007-768x1317.jpg 768w, https:\/\/www.ac-germania.com\/A_ACG\/wordpress\/wp-content\/uploads\/2025\/08\/IMG-20250201-WA0007-896x1536.jpg 896w, https:\/\/www.ac-germania.com\/A_ACG\/wordpress\/wp-content\/uploads\/2025\/08\/IMG-20250201-WA0007-87x150.jpg 87w\" sizes=\"auto, (max-width: 933px) 100vw, 933px\" \/><\/p>\n","protected":false},"excerpt":{"rendered":"<p>Bericht: Manja Braunsdorf Auch f\u00fcr die ACG Youngster begann das Wettkampfjahr 2025. Die j\u00fcngste Gruppe von Jugendcoach Gerhard G\u00fcnther zeigte sich schon wieder sportlich richtig aktiv. Am 1. Februar fand beim RSV Merseburg das nunmehr 3. Neujahrsturnier im freien Ringkampf\u00a0 statt. In f\u00fcnf Altersklassen gingen bei diesem Turnier dieses Jahr \u2026 <a class=\"continue-reading-link\" href=\"https:\/\/www.ac-germania.com\/?p=12241\">Weiterlesen <span class=\"meta-nav\">&rarr; <\/span><\/a><\/p>\n","protected":false},"author":2,"featured_media":12243,"comment_status":"open","ping_status":"open","sticky":false,"template":"","format":"standard","meta":{"footnotes":""},"categories":[22],"tags":[],"class_list":["post-12241","post","type-post","status-publish","format-standard","has-post-thumbnail","hentry","category-news-2025"],"_links":{"self":[{"href":"https:\/\/www.ac-germania.com\/index.php?rest_route=\/wp\/v2\/posts\/12241","targetHints":{"allow":["GET"]}}],"collection":[{"href":"https:\/\/www.ac-germania.com\/index.php?rest_route=\/wp\/v2\/posts"}],"about":[{"href":"https:\/\/www.ac-germania.com\/index.php?rest_route=\/wp\/v2\/types\/post"}],"author":[{"embeddable":true,"href":"https:\/\/www.ac-germania.com\/index.php?rest_route=\/wp\/v2\/users\/2"}],"replies":[{"embeddable":true,"href":"https:\/\/www.ac-germania.com\/index.php?rest_route=%2Fwp%2Fv2%2Fcomments&post=12241"}],"version-history":[{"count":1,"href":"https:\/\/www.ac-germania.com\/index.php?rest_route=\/wp\/v2\/posts\/12241\/revisions"}],"predecessor-version":[{"id":12244,"href":"https:\/\/www.ac-germania.com\/index.php?rest_route=\/wp\/v2\/posts\/12241\/revisions\/12244"}],"wp:featuredmedia":[{"embeddable":true,"href":"https:\/\/www.ac-germania.com\/index.php?rest_route=\/wp\/v2\/media\/12243"}],"wp:attachment":[{"href":"https:\/\/www.ac-germania.com\/index.php?rest_route=%2Fwp%2Fv2%2Fmedia&parent=12241"}],"wp:term":[{"taxonomy":"category","embeddable":true,"href":"https:\/\/www.ac-germania.com\/index.php?rest_route=%2Fwp%2Fv2%2Fcategories&post=12241"},{"taxonomy":"post_tag","embeddable":true,"href":"https:\/\/www.ac-germania.com\/index.php?rest_route=%2Fwp%2Fv2%2Ftags&post=12241"}],"curies":[{"name":"wp","href":"https:\/\/api.w.org\/{rel}","templated":true}]}}